{"id":3097,"date":"2025-03-25T11:02:23","date_gmt":"2025-03-25T14:02:23","guid":{"rendered":"https:\/\/wp.ufpel.edu.br\/international\/?p=3097"},"modified":"2025-03-25T11:02:23","modified_gmt":"2025-03-25T14:02:23","slug":"edital-externo-bolsa-para-evento-da-onu","status":"publish","type":"post","link":"https:\/\/wp.ufpel.edu.br\/international\/2025\/03\/25\/edital-externo-bolsa-para-evento-da-onu\/","title":{"rendered":"EDITAL EXTERNO: BOLSA PARA EVENTO DA ONU"},"content":{"rendered":"<p>O concurso cultural Plural+ da ONU premia v\u00eddeos sobre migra\u00e7\u00e3o, inclus\u00e3o, diversidade e xenofobia com uma viagem com tudo pago a Nova York.\u00a0 Jovens de at\u00e9 25 anos podem se<strong> inscrever at\u00e9 31\/05\/2025<\/strong>. As categorias s\u00e3o: at\u00e9 12 anos, 13 a 17 anos e 18 a 25 anos. Os participantes devem enviar um v\u00eddeo de at\u00e9 5 minutos com legendas em ingl\u00eas, al\u00e9m de um formul\u00e1rio de inscri\u00e7\u00e3o assinado. A premia\u00e7\u00e3o inclui um pr\u00eamio extra para os melhores v\u00eddeos sobre xenofobia e migra\u00e7\u00e3o.<\/p>\n<p data-start=\"600\" data-end=\"626\" data-is-last-node=\"\" data-is-only-node=\"\">Mais informa\u00e7\u00f5es no site\u00a0<strong><em><a href=\"https:\/\/partiuintercambio.org\/bolsas-de-estudo\/plural-da-onu-da-viagem-com-tudo-pago\/\">Partiu Interc\u00e2mbio.<\/a><\/em><\/strong><\/p>\n<p data-start=\"600\" data-end=\"626\" data-is-last-node=\"\" data-is-only-node=\"\"><strong><em>*<\/em><\/strong><em>\u00a0A UFPel International faz apenas a divulga\u00e7\u00e3o da oportunidade, qualquer d\u00favida deve ser encaminhada diretamente ao organizador do edital.<\/em><\/p>\n<div class=\"mb-2 flex gap-3 -ml-2\" tabindex=\"0\">\n<div class=\"flex items-center justify-start rounded-xl p-1\">\n<div class=\"flex items-center transition-opacity group-hover\/turn:opacity-100 opacity-100\"><strong>FONTE:<\/strong> https:\/\/partiuintercambio.org\/bolsas-de-estudo\/plural-da-onu-da-viagem-com-tudo-pago\/<\/div>\n<\/div>\n<\/div>\n","protected":false},"excerpt":{"rendered":"<p>O concurso cultural Plural+ da ONU premia v\u00eddeos sobre migra\u00e7\u00e3o, inclus\u00e3o, diversidade e xenofobia com uma viagem com tudo pago a Nova York.\u00a0 Jovens de at\u00e9 25 anos podem se inscrever at\u00e9 31\/05\/2025. As categorias s\u00e3o: at\u00e9 12 anos, 13 a 17 anos e 18 a 25 anos. Os participantes devem enviar um v\u00eddeo de [&hellip;]<\/p>\n","protected":false},"author":290,"featured_media":3098,"comment_status":"closed","ping_status":"closed","sticky":false,"template":"","format":"standard","meta":{"_jetpack_memberships_contains_paid_content":false,"footnotes":""},"categories":[1],"tags":[],"class_list":{"0":"post-3097","1":"post","2":"type-post","3":"status-publish","4":"format-standard","5":"has-post-thumbnail","6":"hentry","7":"category-noticias","9":"post-with-thumbnail","10":"post-with-thumbnail-large"},"jetpack_featured_media_url":"https:\/\/wp.ufpel.edu.br\/international\/files\/2025\/03\/LAYOUT-SITE-12.png","jetpack_sharing_enabled":true,"_links":{"self":[{"href":"https:\/\/wp.ufpel.edu.br\/international\/wp-json\/wp\/v2\/posts\/3097","targetHints":{"allow":["GET"]}}],"collection":[{"href":"https:\/\/wp.ufpel.edu.br\/international\/wp-json\/wp\/v2\/posts"}],"about":[{"href":"https:\/\/wp.ufpel.edu.br\/international\/wp-json\/wp\/v2\/types\/post"}],"author":[{"embeddable":true,"href":"https:\/\/wp.ufpel.edu.br\/international\/wp-json\/wp\/v2\/users\/290"}],"replies":[{"embeddable":true,"href":"https:\/\/wp.ufpel.edu.br\/international\/wp-json\/wp\/v2\/comments?post=3097"}],"version-history":[{"count":1,"href":"https:\/\/wp.ufpel.edu.br\/international\/wp-json\/wp\/v2\/posts\/3097\/revisions"}],"predecessor-version":[{"id":3099,"href":"https:\/\/wp.ufpel.edu.br\/international\/wp-json\/wp\/v2\/posts\/3097\/revisions\/3099"}],"wp:featuredmedia":[{"embeddable":true,"href":"https:\/\/wp.ufpel.edu.br\/international\/wp-json\/wp\/v2\/media\/3098"}],"wp:attachment":[{"href":"https:\/\/wp.ufpel.edu.br\/international\/wp-json\/wp\/v2\/media?parent=3097"}],"wp:term":[{"taxonomy":"category","embeddable":true,"href":"https:\/\/wp.ufpel.edu.br\/international\/wp-json\/wp\/v2\/categories?post=3097"},{"taxonomy":"post_tag","embeddable":true,"href":"https:\/\/wp.ufpel.edu.br\/international\/wp-json\/wp\/v2\/tags?post=3097"}],"curies":[{"name":"wp","href":"https:\/\/api.w.org\/{rel}","templated":true}]}}