{"id":3063,"date":"2025-03-25T09:12:37","date_gmt":"2025-03-25T12:12:37","guid":{"rendered":"https:\/\/wp.ufpel.edu.br\/international\/?p=3063"},"modified":"2025-03-25T09:12:37","modified_gmt":"2025-03-25T12:12:37","slug":"edital-externo-bolsa-para-curso-de-idioma-na-espanha","status":"publish","type":"post","link":"https:\/\/wp.ufpel.edu.br\/international\/2025\/03\/25\/edital-externo-bolsa-para-curso-de-idioma-na-espanha\/","title":{"rendered":"EDITAL EXTERNO: BOLSA PARA CURSO DE IDIOMA NA ESPANHA"},"content":{"rendered":"<p class=\"\" data-start=\"0\" data-end=\"227\">A Universidade de La Rioja oferece 6 bolsas para brasileiros em um curso trimestral de espanhol na Espanha. A bolsa cobre taxas acad\u00eamicas, alojamento, seguro sa\u00fade e inclui um aux\u00edlio de 800 euros para passagem e manuten\u00e7\u00e3o.<\/p>\n<p class=\"\" data-start=\"229\" data-end=\"259\"><strong data-start=\"229\" data-end=\"257\">Requisitos para a bolsa:<\/strong><\/p>\n<ul data-start=\"260\" data-end=\"453\">\n<li class=\"\" data-start=\"260\" data-end=\"289\">\n<p class=\"\" data-start=\"262\" data-end=\"289\">Nacionalidade brasileira;<\/p>\n<\/li>\n<li class=\"\" data-start=\"290\" data-end=\"383\">\n<p class=\"\" data-start=\"292\" data-end=\"383\">Estar matriculado em uma universidade brasileira (gradua\u00e7\u00e3o, p\u00f3s, mestrado ou doutorado);<\/p>\n<\/li>\n<li class=\"\" data-start=\"384\" data-end=\"425\">\n<p class=\"\" data-start=\"386\" data-end=\"425\">Ter notas e curr\u00edculo acima da m\u00e9dia;<\/p>\n<\/li>\n<li class=\"\" data-start=\"426\" data-end=\"453\">\n<p class=\"\" data-start=\"428\" data-end=\"453\">N\u00e3o residir na Espanha.<\/p>\n<\/li>\n<\/ul>\n<p class=\"\" data-start=\"455\" data-end=\"485\"><strong data-start=\"455\" data-end=\"485\" data-is-last-node=\"\">Inscri\u00e7\u00f5es at\u00e9 21\/04\/2025.<\/strong><\/p>\n<p data-start=\"600\" data-end=\"626\" data-is-last-node=\"\" data-is-only-node=\"\">Mais informa\u00e7\u00f5es no site\u00a0<strong><em><a href=\"https:\/\/partiuintercambio.org\/bolsas-de-estudo\/bolsa-curso-de-espanhol-na-espanha-la-rioja\/\">Partiu Interc\u00e2mbio.<\/a><\/em><\/strong><\/p>\n<p data-start=\"600\" data-end=\"626\" data-is-last-node=\"\" data-is-only-node=\"\"><strong><em>*<\/em><\/strong><em>\u00a0A UFPel International faz apenas a divulga\u00e7\u00e3o da oportunidade, qualquer d\u00favida deve ser encaminhada diretamente ao organizador do edital.<\/em><\/p>\n<div class=\"mb-2 flex gap-3 -ml-2\" tabindex=\"0\">\n<div class=\"flex items-center justify-start rounded-xl p-1\">\n<div class=\"flex items-center transition-opacity group-hover\/turn:opacity-100 opacity-100\"><strong>FONTE:<\/strong> https:\/\/partiuintercambio.org\/bolsas-de-estudo\/bolsa-curso-de-espanhol-na-espanha-la-rioja\/<\/div>\n<\/div>\n<\/div>\n","protected":false},"excerpt":{"rendered":"<p>A Universidade de La Rioja oferece 6 bolsas para brasileiros em um curso trimestral de espanhol na Espanha. A bolsa cobre taxas acad\u00eamicas, alojamento, seguro sa\u00fade e inclui um aux\u00edlio de 800 euros para passagem e manuten\u00e7\u00e3o. Requisitos para a bolsa: Nacionalidade brasileira; Estar matriculado em uma universidade brasileira (gradua\u00e7\u00e3o, p\u00f3s, mestrado ou doutorado); Ter [&hellip;]<\/p>\n","protected":false},"author":290,"featured_media":3064,"comment_status":"closed","ping_status":"closed","sticky":false,"template":"","format":"standard","meta":{"_jetpack_memberships_contains_paid_content":false,"footnotes":""},"categories":[1],"tags":[],"class_list":{"0":"post-3063","1":"post","2":"type-post","3":"status-publish","4":"format-standard","5":"has-post-thumbnail","6":"hentry","7":"category-noticias","9":"post-with-thumbnail","10":"post-with-thumbnail-large"},"jetpack_featured_media_url":"https:\/\/wp.ufpel.edu.br\/international\/files\/2025\/03\/LAYOUT-SITE-1-3.png","jetpack_sharing_enabled":true,"_links":{"self":[{"href":"https:\/\/wp.ufpel.edu.br\/international\/wp-json\/wp\/v2\/posts\/3063","targetHints":{"allow":["GET"]}}],"collection":[{"href":"https:\/\/wp.ufpel.edu.br\/international\/wp-json\/wp\/v2\/posts"}],"about":[{"href":"https:\/\/wp.ufpel.edu.br\/international\/wp-json\/wp\/v2\/types\/post"}],"author":[{"embeddable":true,"href":"https:\/\/wp.ufpel.edu.br\/international\/wp-json\/wp\/v2\/users\/290"}],"replies":[{"embeddable":true,"href":"https:\/\/wp.ufpel.edu.br\/international\/wp-json\/wp\/v2\/comments?post=3063"}],"version-history":[{"count":1,"href":"https:\/\/wp.ufpel.edu.br\/international\/wp-json\/wp\/v2\/posts\/3063\/revisions"}],"predecessor-version":[{"id":3065,"href":"https:\/\/wp.ufpel.edu.br\/international\/wp-json\/wp\/v2\/posts\/3063\/revisions\/3065"}],"wp:featuredmedia":[{"embeddable":true,"href":"https:\/\/wp.ufpel.edu.br\/international\/wp-json\/wp\/v2\/media\/3064"}],"wp:attachment":[{"href":"https:\/\/wp.ufpel.edu.br\/international\/wp-json\/wp\/v2\/media?parent=3063"}],"wp:term":[{"taxonomy":"category","embeddable":true,"href":"https:\/\/wp.ufpel.edu.br\/international\/wp-json\/wp\/v2\/categories?post=3063"},{"taxonomy":"post_tag","embeddable":true,"href":"https:\/\/wp.ufpel.edu.br\/international\/wp-json\/wp\/v2\/tags?post=3063"}],"curies":[{"name":"wp","href":"https:\/\/api.w.org\/{rel}","templated":true}]}}