{"id":3035,"date":"2025-03-18T09:26:36","date_gmt":"2025-03-18T12:26:36","guid":{"rendered":"https:\/\/wp.ufpel.edu.br\/international\/?p=3035"},"modified":"2025-03-18T09:26:36","modified_gmt":"2025-03-18T12:26:36","slug":"edital-externo-bolsa-de-mestrado-na-europa","status":"publish","type":"post","link":"https:\/\/wp.ufpel.edu.br\/international\/2025\/03\/18\/edital-externo-bolsa-de-mestrado-na-europa\/","title":{"rendered":"EDITAL EXTERNO: BOLSA DE MESTRADO NA EUROPA"},"content":{"rendered":"<article class=\"group\/turn w-full text-token-text-primary focus-visible:outline-2 focus-visible:outline-offset-[-4px]\" dir=\"auto\" data-testid=\"conversation-turn-4\" data-scroll-anchor=\"true\">\n<div class=\"text-base my-auto mx-auto py-[18px] px-6\">\n<div class=\"mx-auto flex flex-1 text-base gap-4 md:gap-5 lg:gap-6 md:max-w-3xl\">\n<div class=\"group\/conversation-turn relative flex w-full min-w-0 flex-col agent-turn @xs\/thread:px-0 @sm\/thread:px-1.5 @md\/thread:px-4\">\n<div class=\"flex-col gap-1 md:gap-3\">\n<div class=\"flex max-w-full flex-col flex-grow\">\n<div class=\"min-h-8 text-message relative flex w-full flex-col items-end gap-2 whitespace-normal break-words text-start [.text-message+&amp;]:mt-5\" dir=\"auto\" data-message-author-role=\"assistant\" data-message-id=\"9cadb368-c02c-4992-a1f4-15546070b9ea\" data-message-model-slug=\"gpt-4o-mini\">\n<div class=\"flex w-full flex-col gap-1 empty:hidden first:pt-[3px]\">\n<div class=\"markdown prose w-full break-words dark:prose-invert light\">\n<p data-start=\"0\" data-end=\"310\">O Digicrea \u00e9 um mestrado em Criatividade Digital com bolsas Erasmus, oferecido por universidades na Fran\u00e7a, Portugal e Pol\u00f4nia. O programa de 2 anos abrange \u00e1reas como design, m\u00fasica, cinema, IA e novas tecnologias. As bolsas Erasmus+ cobrem mensalidades, custos de vida (1.400 euros\/m\u00eas) e despesas de viagem.<\/p>\n<p data-start=\"312\" data-end=\"336\">Requisitos para a bolsa:<\/p>\n<ul data-start=\"337\" data-end=\"463\">\n<li data-start=\"337\" data-end=\"378\">Gradua\u00e7\u00e3o e experi\u00eancia em tecnologias;<\/li>\n<li data-start=\"379\" data-end=\"416\">Profici\u00eancia em ingl\u00eas (m\u00ednimo C1);<\/li>\n<li data-start=\"417\" data-end=\"463\">Carta de motiva\u00e7\u00e3o e cartas de recomenda\u00e7\u00e3o.<\/li>\n<\/ul>\n<p data-start=\"465\" data-end=\"491\" data-is-last-node=\"\" data-is-only-node=\"\">Inscri\u00e7\u00f5es at\u00e9 20\/03\/2025. Mais informa\u00e7\u00f5es no site <strong><em><a href=\"https:\/\/partiuintercambio.org\/bolsas-de-estudo\/mestrado-criatividade-digital-erasmus\/\">Partiu Interc\u00e2mbio.<\/a>\u00a0<\/em><\/strong><\/p>\n<p data-start=\"465\" data-end=\"491\" data-is-last-node=\"\" data-is-only-node=\"\"><strong><em> *<\/em><\/strong><em> A UFPel International faz apenas a divulga\u00e7\u00e3o da oportunidade, qualquer d\u00favida deve ser encaminhada diretamente ao organizador do edital.<\/em><\/p>\n<\/div>\n<\/div>\n<\/div>\n<\/div>\n<div class=\"mb-2 flex gap-3 -ml-2\" tabindex=\"0\">\n<div class=\"flex items-center justify-start rounded-xl p-1\">\n<div class=\"flex items-center transition-opacity group-hover\/turn:opacity-100 opacity-100\"><strong>FONTE:<\/strong> https:\/\/partiuintercambio.org\/bolsas-de-estudo\/mestrado-criatividade-digital-erasmus\/<\/div>\n<\/div>\n<\/div>\n<\/div>\n<div class=\"absolute\">\n<div class=\"flex items-center justify-center\"><\/div>\n<\/div>\n<\/div>\n<\/div>\n<\/div>\n<\/article>\n<div class=\"pointer-events-none h-px w-px\" aria-hidden=\"true\" data-edge=\"true\"><\/div>\n","protected":false},"excerpt":{"rendered":"<p>O Digicrea \u00e9 um mestrado em Criatividade Digital com bolsas Erasmus, oferecido por universidades na Fran\u00e7a, Portugal e Pol\u00f4nia. O programa de 2 anos abrange \u00e1reas como design, m\u00fasica, cinema, IA e novas tecnologias. As bolsas Erasmus+ cobrem mensalidades, custos de vida (1.400 euros\/m\u00eas) e despesas de viagem. Requisitos para a bolsa: Gradua\u00e7\u00e3o e experi\u00eancia [&hellip;]<\/p>\n","protected":false},"author":290,"featured_media":3036,"comment_status":"closed","ping_status":"closed","sticky":false,"template":"","format":"link","meta":{"_jetpack_memberships_contains_paid_content":false,"footnotes":""},"categories":[1],"tags":[],"class_list":{"0":"post-3035","1":"post","2":"type-post","3":"status-publish","4":"format-link","5":"has-post-thumbnail","6":"hentry","7":"category-noticias","8":"post_format-post-format-link","10":"post-with-thumbnail","11":"post-with-thumbnail-large"},"jetpack_featured_media_url":"https:\/\/wp.ufpel.edu.br\/international\/files\/2025\/03\/LAYOUT-SITE-3.png","jetpack_sharing_enabled":true,"_links":{"self":[{"href":"https:\/\/wp.ufpel.edu.br\/international\/wp-json\/wp\/v2\/posts\/3035","targetHints":{"allow":["GET"]}}],"collection":[{"href":"https:\/\/wp.ufpel.edu.br\/international\/wp-json\/wp\/v2\/posts"}],"about":[{"href":"https:\/\/wp.ufpel.edu.br\/international\/wp-json\/wp\/v2\/types\/post"}],"author":[{"embeddable":true,"href":"https:\/\/wp.ufpel.edu.br\/international\/wp-json\/wp\/v2\/users\/290"}],"replies":[{"embeddable":true,"href":"https:\/\/wp.ufpel.edu.br\/international\/wp-json\/wp\/v2\/comments?post=3035"}],"version-history":[{"count":1,"href":"https:\/\/wp.ufpel.edu.br\/international\/wp-json\/wp\/v2\/posts\/3035\/revisions"}],"predecessor-version":[{"id":3037,"href":"https:\/\/wp.ufpel.edu.br\/international\/wp-json\/wp\/v2\/posts\/3035\/revisions\/3037"}],"wp:featuredmedia":[{"embeddable":true,"href":"https:\/\/wp.ufpel.edu.br\/international\/wp-json\/wp\/v2\/media\/3036"}],"wp:attachment":[{"href":"https:\/\/wp.ufpel.edu.br\/international\/wp-json\/wp\/v2\/media?parent=3035"}],"wp:term":[{"taxonomy":"category","embeddable":true,"href":"https:\/\/wp.ufpel.edu.br\/international\/wp-json\/wp\/v2\/categories?post=3035"},{"taxonomy":"post_tag","embeddable":true,"href":"https:\/\/wp.ufpel.edu.br\/international\/wp-json\/wp\/v2\/tags?post=3035"}],"curies":[{"name":"wp","href":"https:\/\/api.w.org\/{rel}","templated":true}]}}