{"id":3014,"date":"2025-03-06T17:12:59","date_gmt":"2025-03-06T20:12:59","guid":{"rendered":"https:\/\/wp.ufpel.edu.br\/international\/?p=3014"},"modified":"2025-03-07T11:12:39","modified_gmt":"2025-03-07T14:12:39","slug":"resultado-final-edital-prppg-e-ppgq-auxilio-erasmus","status":"publish","type":"post","link":"https:\/\/wp.ufpel.edu.br\/international\/2025\/03\/06\/resultado-final-edital-prppg-e-ppgq-auxilio-erasmus\/","title":{"rendered":"RESULTADO FINAL \u2013 Edital PRPPG e PPGQ \u2013 Aux\u00edlio Erasmus+"},"content":{"rendered":"<p class=\"Texto_Justificado\">O Coordenador do Programa de P\u00f3s-Gradua\u00e7\u00e3o em Qu\u00edmica (PPGQ) da Universidade Federal de Pelotas, por meio da Banca de Avalia\u00e7\u00e3o do referido Edital designada pelo colegiado do PPGQ, juntamente com a Coordena\u00e7\u00e3o de Rela\u00e7\u00f5es Internacionais (CRInter), <strong>torna p\u00fablico a Homologa\u00e7\u00e3o do RESULTADO FINAL\u00a0<\/strong><strong>para Mobilidade Acad\u00eamica Internacional<\/strong> de curta dura\u00e7\u00e3o, conforme previsto no Edital Aux\u00edlio Erasmus+ &#8211; International Credit Mobility. Os documentos comprobat\u00f3rios podem ser acessados no Processo SEI n.\u00ba <a id=\"anchor3297512\" class=\"infraArvoreNo\" title=\"P\u00f3s-Gradua\u00e7\u00e3o: Editais\" href=\"https:\/\/sei.ufpel.edu.br\/sei\/controlador.php?acao=arvore_visualizar&amp;acao_origem=procedimento_visualizar&amp;id_procedimento=3297512&amp;infra_sistema=100000100&amp;infra_unidade_atual=110000343&amp;infra_hash=7a5bc0d091d217a538ea7c5b2e7716fa7f64c4b679a5cf0539be0a544dd3199b\" target=\"ifrVisualizacao\"><span id=\"span3297512\" class=\"noVisitado\">23110.004197\/2025-71<\/span><\/a>, conforme os seguintes anexos: ATA de resultado (<span contenteditable=\"false\"><a id=\"lnkSei3331169\" class=\"ancora_sei\" href=\"https:\/\/sei.ufpel.edu.br\/sei\/controlador.php?acao=protocolo_visualizar&amp;id_protocolo=3331169&amp;id_procedimento_atual=3297512&amp;infra_sistema=100000100&amp;infra_unidade_atual=110000343&amp;infra_hash=fa175d066059f88b36b9aa9f926f45511c05ef9a07c41f781908a87520c93d5e92c3c5c945a6e756636e7d9ddf052bea7718ede0753f3d2e20fc65e7004bf1b84e24ce24583d754a1473e2d70ae3eb8e3d961febf083ed97e915d4531d526cff\" target=\"_blank\" rel=\"noopener\">2975152<\/a><\/span>) e os termos de n\u00e3o conflito de interesse da banca avaliadora (<span contenteditable=\"false\"><a id=\"lnkSei3331179\" class=\"ancora_sei\" href=\"https:\/\/sei.ufpel.edu.br\/sei\/controlador.php?acao=protocolo_visualizar&amp;id_protocolo=3331179&amp;id_procedimento_atual=3297512&amp;infra_sistema=100000100&amp;infra_unidade_atual=110000343&amp;infra_hash=f28b37c34623b478abd500511a0a662624483c8116254016cfbb5b395685044c92c3c5c945a6e756636e7d9ddf052bea7718ede0753f3d2e20fc65e7004bf1b84e24ce24583d754a1473e2d70ae3eb8e3d961febf083ed97e915d4531d526cff\" target=\"_blank\" rel=\"noopener\">2975159<\/a><\/span>,\u00a0<span contenteditable=\"false\"><a id=\"lnkSei3331185\" class=\"ancora_sei\" href=\"https:\/\/sei.ufpel.edu.br\/sei\/controlador.php?acao=protocolo_visualizar&amp;id_protocolo=3331185&amp;id_procedimento_atual=3297512&amp;infra_sistema=100000100&amp;infra_unidade_atual=110000343&amp;infra_hash=36cde4e83621abd5f0c4fcfd355b63f97d24a69b8399fd7f37aa74535b02328a92c3c5c945a6e756636e7d9ddf052bea7718ede0753f3d2e20fc65e7004bf1b84e24ce24583d754a1473e2d70ae3eb8e3d961febf083ed97e915d4531d526cff\" target=\"_blank\" rel=\"noopener\">2975165<\/a><\/span>\u00a0e\u00a0<span contenteditable=\"false\"><a id=\"lnkSei3331191\" class=\"ancora_sei\" href=\"https:\/\/sei.ufpel.edu.br\/sei\/controlador.php?acao=protocolo_visualizar&amp;id_protocolo=3331191&amp;id_procedimento_atual=3297512&amp;infra_sistema=100000100&amp;infra_unidade_atual=110000343&amp;infra_hash=1e1596ad8f60d87b10a1af73f9f7b2a64e44da85a8474745deb2b655ee821c4192c3c5c945a6e756636e7d9ddf052bea7718ede0753f3d2e20fc65e7004bf1b84e24ce24583d754a1473e2d70ae3eb8e3d961febf083ed97e915d4531d526cff\" target=\"_blank\" rel=\"noopener\">2975171<\/a><\/span>).<\/p>\n<p><strong><u>APROVADOS &#8211; RESULTADO FINAL<\/u><\/strong><\/p>\n<p class=\"Texto_Justificado\">Eder Jo\u00e3o Lenard\u00e3o<\/p>\n<p class=\"Texto_Justificado\">Diego da Silva Alves<\/p>\n<p><a href=\"https:\/\/wp.ufpel.edu.br\/international\/files\/2025\/03\/SEI_2975187_Despacho.pdf\">SEI_2975187<\/a><\/p>\n","protected":false},"excerpt":{"rendered":"<p>O Coordenador do Programa de P\u00f3s-Gradua\u00e7\u00e3o em Qu\u00edmica (PPGQ) da Universidade Federal de Pelotas, por meio da Banca de Avalia\u00e7\u00e3o do referido Edital designada pelo colegiado do PPGQ, juntamente com a Coordena\u00e7\u00e3o de Rela\u00e7\u00f5es Internacionais (CRInter), torna p\u00fablico a Homologa\u00e7\u00e3o do RESULTADO FINAL\u00a0para Mobilidade Acad\u00eamica Internacional de curta dura\u00e7\u00e3o, conforme previsto no Edital Aux\u00edlio Erasmus+ [&hellip;]<\/p>\n","protected":false},"author":290,"featured_media":3031,"comment_status":"closed","ping_status":"closed","sticky":false,"template":"","format":"standard","meta":{"_jetpack_memberships_contains_paid_content":false,"footnotes":""},"categories":[1],"tags":[],"class_list":{"0":"post-3014","1":"post","2":"type-post","3":"status-publish","4":"format-standard","5":"has-post-thumbnail","6":"hentry","7":"category-noticias","9":"post-with-thumbnail","10":"post-with-thumbnail-large"},"jetpack_featured_media_url":"https:\/\/wp.ufpel.edu.br\/international\/files\/2025\/03\/LAYOUT-SITE-4.png","jetpack_sharing_enabled":true,"_links":{"self":[{"href":"https:\/\/wp.ufpel.edu.br\/international\/wp-json\/wp\/v2\/posts\/3014","targetHints":{"allow":["GET"]}}],"collection":[{"href":"https:\/\/wp.ufpel.edu.br\/international\/wp-json\/wp\/v2\/posts"}],"about":[{"href":"https:\/\/wp.ufpel.edu.br\/international\/wp-json\/wp\/v2\/types\/post"}],"author":[{"embeddable":true,"href":"https:\/\/wp.ufpel.edu.br\/international\/wp-json\/wp\/v2\/users\/290"}],"replies":[{"embeddable":true,"href":"https:\/\/wp.ufpel.edu.br\/international\/wp-json\/wp\/v2\/comments?post=3014"}],"version-history":[{"count":2,"href":"https:\/\/wp.ufpel.edu.br\/international\/wp-json\/wp\/v2\/posts\/3014\/revisions"}],"predecessor-version":[{"id":3018,"href":"https:\/\/wp.ufpel.edu.br\/international\/wp-json\/wp\/v2\/posts\/3014\/revisions\/3018"}],"wp:featuredmedia":[{"embeddable":true,"href":"https:\/\/wp.ufpel.edu.br\/international\/wp-json\/wp\/v2\/media\/3031"}],"wp:attachment":[{"href":"https:\/\/wp.ufpel.edu.br\/international\/wp-json\/wp\/v2\/media?parent=3014"}],"wp:term":[{"taxonomy":"category","embeddable":true,"href":"https:\/\/wp.ufpel.edu.br\/international\/wp-json\/wp\/v2\/categories?post=3014"},{"taxonomy":"post_tag","embeddable":true,"href":"https:\/\/wp.ufpel.edu.br\/international\/wp-json\/wp\/v2\/tags?post=3014"}],"curies":[{"name":"wp","href":"https:\/\/api.w.org\/{rel}","templated":true}]}}