{"id":3007,"date":"2025-02-27T14:45:52","date_gmt":"2025-02-27T17:45:52","guid":{"rendered":"https:\/\/wp.ufpel.edu.br\/international\/?p=3007"},"modified":"2025-03-07T11:10:45","modified_gmt":"2025-03-07T14:10:45","slug":"resultado-final-bolsas-bdi","status":"publish","type":"post","link":"https:\/\/wp.ufpel.edu.br\/international\/2025\/02\/27\/resultado-final-bolsas-bdi\/","title":{"rendered":"RESULTADO FINAL &#8211; Bolsas BDI"},"content":{"rendered":"<p>A Coordena\u00e7\u00e3o de Rela\u00e7\u00f5es Internacionais da UFPel, em atendimento ao Edital PROPLAN n.\u00ba 001\/2025 para a sele\u00e7\u00e3o de bolsistas ao \u201cPrograma de Bolsas de Desenvolvimento Institucional\u201d informa o RESULTADO FINAL ap\u00f3s entrevistas:<\/p>\n<p>&nbsp;<\/p>\n<p>Beatriz da Silva Cordeiro &#8211; SELECIONADA<\/p>\n<p>Roberta Bertoldi de Souza &#8211; SUPLENTE<\/p>\n","protected":false},"excerpt":{"rendered":"<p>A Coordena\u00e7\u00e3o de Rela\u00e7\u00f5es Internacionais da UFPel, em atendimento ao Edital PROPLAN n.\u00ba 001\/2025 para a sele\u00e7\u00e3o de bolsistas ao \u201cPrograma de Bolsas de Desenvolvimento Institucional\u201d informa o RESULTADO FINAL ap\u00f3s entrevistas: &nbsp; Beatriz da Silva Cordeiro &#8211; SELECIONADA Roberta Bertoldi de Souza &#8211; SUPLENTE<\/p>\n","protected":false},"author":290,"featured_media":3030,"comment_status":"closed","ping_status":"closed","sticky":false,"template":"","format":"standard","meta":{"_jetpack_memberships_contains_paid_content":false,"footnotes":""},"categories":[1],"tags":[],"class_list":{"0":"post-3007","1":"post","2":"type-post","3":"status-publish","4":"format-standard","5":"has-post-thumbnail","6":"hentry","7":"category-noticias","9":"post-with-thumbnail","10":"post-with-thumbnail-large"},"jetpack_featured_media_url":"https:\/\/wp.ufpel.edu.br\/international\/files\/2025\/02\/LAYOUT-SITE-3-2.png","jetpack_sharing_enabled":true,"_links":{"self":[{"href":"https:\/\/wp.ufpel.edu.br\/international\/wp-json\/wp\/v2\/posts\/3007","targetHints":{"allow":["GET"]}}],"collection":[{"href":"https:\/\/wp.ufpel.edu.br\/international\/wp-json\/wp\/v2\/posts"}],"about":[{"href":"https:\/\/wp.ufpel.edu.br\/international\/wp-json\/wp\/v2\/types\/post"}],"author":[{"embeddable":true,"href":"https:\/\/wp.ufpel.edu.br\/international\/wp-json\/wp\/v2\/users\/290"}],"replies":[{"embeddable":true,"href":"https:\/\/wp.ufpel.edu.br\/international\/wp-json\/wp\/v2\/comments?post=3007"}],"version-history":[{"count":1,"href":"https:\/\/wp.ufpel.edu.br\/international\/wp-json\/wp\/v2\/posts\/3007\/revisions"}],"predecessor-version":[{"id":3008,"href":"https:\/\/wp.ufpel.edu.br\/international\/wp-json\/wp\/v2\/posts\/3007\/revisions\/3008"}],"wp:featuredmedia":[{"embeddable":true,"href":"https:\/\/wp.ufpel.edu.br\/international\/wp-json\/wp\/v2\/media\/3030"}],"wp:attachment":[{"href":"https:\/\/wp.ufpel.edu.br\/international\/wp-json\/wp\/v2\/media?parent=3007"}],"wp:term":[{"taxonomy":"category","embeddable":true,"href":"https:\/\/wp.ufpel.edu.br\/international\/wp-json\/wp\/v2\/categories?post=3007"},{"taxonomy":"post_tag","embeddable":true,"href":"https:\/\/wp.ufpel.edu.br\/international\/wp-json\/wp\/v2\/tags?post=3007"}],"curies":[{"name":"wp","href":"https:\/\/api.w.org\/{rel}","templated":true}]}}