{"id":2967,"date":"2025-02-19T09:57:52","date_gmt":"2025-02-19T12:57:52","guid":{"rendered":"https:\/\/wp.ufpel.edu.br\/international\/?p=2967"},"modified":"2025-02-19T09:58:01","modified_gmt":"2025-02-19T12:58:01","slug":"edital-03-2025-resultado-promisaes-2025","status":"publish","type":"post","link":"https:\/\/wp.ufpel.edu.br\/international\/2025\/02\/19\/edital-03-2025-resultado-promisaes-2025\/","title":{"rendered":"Edital 03\/2025 &#8211; RESULTADO &#8211; PROMISAES 2025"},"content":{"rendered":"<p>A Coordena\u00e7\u00e3o de Rela\u00e7\u00f5es Internacionais \u2013 CRInter da Universidade Federal de Pelotas, no uso de suas atribui\u00e7\u00f5es legais, comunica aos estudantes estrangeiros do Programa de Estudantes Conv\u00eanio de Gradua\u00e7\u00e3o \u2013 PEC-G da UFPel, o RESULTADO da sele\u00e7\u00e3o para a bolsa do projeto Milton Santos de Acesso ao Ensino Superior \u2013 PROMISAES 2025, para o per\u00edodo de janeiro a dezembro de 2025, conforme classifica\u00e7\u00e3o abaixo:<\/p>\n<table dir=\"ltr\" style=\"width: 470px; height: 288px;\" border=\"1\" cellspacing=\"0\" cellpadding=\"0\" data-sheets-root=\"1\" data-sheets-baot=\"1\">\n<colgroup>\n<col width=\"324\" \/><\/colgroup>\n<tbody>\n<tr style=\"height: 24px;\">\n<td style=\"width: 585px; height: 24px;\">1\u00ba AMANDINE ALEXIA MAKAYA<\/td>\n<\/tr>\n<tr style=\"height: 24px;\">\n<td style=\"width: 585px; height: 24px;\">2\u00ba GILCINARA ROSANGELA MATLABA<\/td>\n<\/tr>\n<tr style=\"height: 24px;\">\n<td style=\"width: 585px; height: 24px;\">3\u00ba ANGELA AMPONSAH<\/td>\n<\/tr>\n<tr style=\"height: 24px;\">\n<td style=\"width: 585px; height: 24px;\">4\u00ba PATRICIA AFONSO NEVES<\/td>\n<\/tr>\n<tr style=\"height: 24px;\">\n<td style=\"width: 585px; height: 24px;\">5\u00ba MADANA N&#8217;BANA<\/td>\n<\/tr>\n<tr style=\"height: 24px;\">\n<td style=\"width: 585px; height: 24px;\">6\u00ba AZZEDINE TUMONA KIATIMUA<\/td>\n<\/tr>\n<tr style=\"height: 24px;\">\n<td style=\"width: 585px; height: 24px;\">7\u00ba MARIA RENATA SUASNAVAS SALDARRIAGA<\/td>\n<\/tr>\n<tr style=\"height: 24px;\">\n<td style=\"width: 585px; height: 24px;\">8\u00ba EDMAR JACINTO DOMINGOS FRANCISCO<\/td>\n<\/tr>\n<tr style=\"height: 24px;\">\n<td style=\"width: 585px; height: 24px;\">9\u00ba HER\u00cdNEA WANDY DIAS GON\u00c7ALVEZ<\/td>\n<\/tr>\n<tr style=\"height: 24px;\">\n<td style=\"width: 585px; height: 24px;\">10\u00ba CREDO MARSHALL MENELICK MINSOMAHU ADETONAH<\/td>\n<\/tr>\n<tr style=\"height: 24px;\">\n<td style=\"width: 585px; height: 24px;\">11\u00ba PEDRO NSUE MICHA MOLONGUA<\/td>\n<\/tr>\n<tr style=\"height: 24px;\">\n<td style=\"width: 585px; height: 24px;\">12\u00ba JELAN ARCHIBALD JACKSON THOMSPON<\/td>\n<\/tr>\n<\/tbody>\n<\/table>\n<p><\/p>\n","protected":false},"excerpt":{"rendered":"<p>A Coordena\u00e7\u00e3o de Rela\u00e7\u00f5es Internacionais \u2013 CRInter da Universidade Federal de Pelotas, no uso de suas atribui\u00e7\u00f5es legais, comunica aos estudantes estrangeiros do Programa de Estudantes Conv\u00eanio de Gradua\u00e7\u00e3o \u2013 PEC-G da UFPel, o RESULTADO da sele\u00e7\u00e3o para a bolsa do projeto Milton Santos de Acesso ao Ensino Superior \u2013 PROMISAES 2025, para o per\u00edodo [&hellip;]<\/p>\n","protected":false},"author":290,"featured_media":2968,"comment_status":"closed","ping_status":"closed","sticky":false,"template":"","format":"standard","meta":{"_jetpack_memberships_contains_paid_content":false,"footnotes":""},"categories":[1],"tags":[],"class_list":{"0":"post-2967","1":"post","2":"type-post","3":"status-publish","4":"format-standard","5":"has-post-thumbnail","6":"hentry","7":"category-noticias","9":"post-with-thumbnail","10":"post-with-thumbnail-large"},"jetpack_featured_media_url":"https:\/\/wp.ufpel.edu.br\/international\/files\/2025\/02\/LAYOUT-SITE-2.png","jetpack_sharing_enabled":true,"_links":{"self":[{"href":"https:\/\/wp.ufpel.edu.br\/international\/wp-json\/wp\/v2\/posts\/2967","targetHints":{"allow":["GET"]}}],"collection":[{"href":"https:\/\/wp.ufpel.edu.br\/international\/wp-json\/wp\/v2\/posts"}],"about":[{"href":"https:\/\/wp.ufpel.edu.br\/international\/wp-json\/wp\/v2\/types\/post"}],"author":[{"embeddable":true,"href":"https:\/\/wp.ufpel.edu.br\/international\/wp-json\/wp\/v2\/users\/290"}],"replies":[{"embeddable":true,"href":"https:\/\/wp.ufpel.edu.br\/international\/wp-json\/wp\/v2\/comments?post=2967"}],"version-history":[{"count":2,"href":"https:\/\/wp.ufpel.edu.br\/international\/wp-json\/wp\/v2\/posts\/2967\/revisions"}],"predecessor-version":[{"id":2970,"href":"https:\/\/wp.ufpel.edu.br\/international\/wp-json\/wp\/v2\/posts\/2967\/revisions\/2970"}],"wp:featuredmedia":[{"embeddable":true,"href":"https:\/\/wp.ufpel.edu.br\/international\/wp-json\/wp\/v2\/media\/2968"}],"wp:attachment":[{"href":"https:\/\/wp.ufpel.edu.br\/international\/wp-json\/wp\/v2\/media?parent=2967"}],"wp:term":[{"taxonomy":"category","embeddable":true,"href":"https:\/\/wp.ufpel.edu.br\/international\/wp-json\/wp\/v2\/categories?post=2967"},{"taxonomy":"post_tag","embeddable":true,"href":"https:\/\/wp.ufpel.edu.br\/international\/wp-json\/wp\/v2\/tags?post=2967"}],"curies":[{"name":"wp","href":"https:\/\/api.w.org\/{rel}","templated":true}]}}