{"id":2957,"date":"2025-02-11T15:09:33","date_gmt":"2025-02-11T18:09:33","guid":{"rendered":"https:\/\/wp.ufpel.edu.br\/international\/?p=2957"},"modified":"2025-03-07T11:03:24","modified_gmt":"2025-03-07T14:03:24","slug":"edital-prppg-e-ppgq-auxilio-erasmus","status":"publish","type":"post","link":"https:\/\/wp.ufpel.edu.br\/international\/2025\/02\/11\/edital-prppg-e-ppgq-auxilio-erasmus\/","title":{"rendered":"Edital PRPPG e PPGQ &#8211; Aux\u00edlio Erasmus+"},"content":{"rendered":"<p>O Programa de P\u00f3s-Gradua\u00e7\u00e3o em Qu\u00edmica (PPGQ), em parceria com a Pr\u00f3-Reitoria de Pesquisa e P\u00f3s-Gradua\u00e7\u00e3o (PRPPG) e a Coordena\u00e7\u00e3o de Rela\u00e7\u00f5es Internacionais (CRInter) da Universidade Federal de Pelotas, torna p\u00fablico o edital para a pr\u00e9-sele\u00e7\u00e3o de dois servidores docentes para Mobilidade Acad\u00eamica Internacional de curta dura\u00e7\u00e3o. A iniciativa est\u00e1 em conformidade com os termos do Projeto Erasmus+ aprovado junto \u00e0 Universidade de Babe\u0219-Bolyai (Processo SEI 23110.002711\/2023-71) e prev\u00ea a realiza\u00e7\u00e3o da mobilidade no primeiro semestre de 2025, na cidade de Cluj-Napoca, Rom\u00eania. O financiamento ser\u00e1 concedido pelo programa Erasmus+, seguindo as normas estabelecidas, conforme consta em https:\/\/erasmus-plus.ec.europa.eu\/erasmus-programme-guide.<\/p>\n<p><a href=\"https:\/\/wp.ufpel.edu.br\/international\/files\/2025\/02\/SEI_2946903_Edital_de_selecao_PRPPG_28.pdf\">Edital PRPPG n\u00ba. 28\/2025<\/a><\/p>\n","protected":false},"excerpt":{"rendered":"<p>O Programa de P\u00f3s-Gradua\u00e7\u00e3o em Qu\u00edmica (PPGQ), em parceria com a Pr\u00f3-Reitoria de Pesquisa e P\u00f3s-Gradua\u00e7\u00e3o (PRPPG) e a Coordena\u00e7\u00e3o de Rela\u00e7\u00f5es Internacionais (CRInter) da Universidade Federal de Pelotas, torna p\u00fablico o edital para a pr\u00e9-sele\u00e7\u00e3o de dois servidores docentes para Mobilidade Acad\u00eamica Internacional de curta dura\u00e7\u00e3o. A iniciativa est\u00e1 em conformidade com os termos [&hellip;]<\/p>\n","protected":false},"author":290,"featured_media":3026,"comment_status":"closed","ping_status":"closed","sticky":false,"template":"","format":"standard","meta":{"_jetpack_memberships_contains_paid_content":false,"footnotes":""},"categories":[1],"tags":[],"class_list":{"0":"post-2957","1":"post","2":"type-post","3":"status-publish","4":"format-standard","5":"has-post-thumbnail","6":"hentry","7":"category-noticias","9":"post-with-thumbnail","10":"post-with-thumbnail-large"},"jetpack_featured_media_url":"https:\/\/wp.ufpel.edu.br\/international\/files\/2025\/02\/LAYOUT-SITE-3-1.png","jetpack_sharing_enabled":true,"_links":{"self":[{"href":"https:\/\/wp.ufpel.edu.br\/international\/wp-json\/wp\/v2\/posts\/2957","targetHints":{"allow":["GET"]}}],"collection":[{"href":"https:\/\/wp.ufpel.edu.br\/international\/wp-json\/wp\/v2\/posts"}],"about":[{"href":"https:\/\/wp.ufpel.edu.br\/international\/wp-json\/wp\/v2\/types\/post"}],"author":[{"embeddable":true,"href":"https:\/\/wp.ufpel.edu.br\/international\/wp-json\/wp\/v2\/users\/290"}],"replies":[{"embeddable":true,"href":"https:\/\/wp.ufpel.edu.br\/international\/wp-json\/wp\/v2\/comments?post=2957"}],"version-history":[{"count":1,"href":"https:\/\/wp.ufpel.edu.br\/international\/wp-json\/wp\/v2\/posts\/2957\/revisions"}],"predecessor-version":[{"id":2959,"href":"https:\/\/wp.ufpel.edu.br\/international\/wp-json\/wp\/v2\/posts\/2957\/revisions\/2959"}],"wp:featuredmedia":[{"embeddable":true,"href":"https:\/\/wp.ufpel.edu.br\/international\/wp-json\/wp\/v2\/media\/3026"}],"wp:attachment":[{"href":"https:\/\/wp.ufpel.edu.br\/international\/wp-json\/wp\/v2\/media?parent=2957"}],"wp:term":[{"taxonomy":"category","embeddable":true,"href":"https:\/\/wp.ufpel.edu.br\/international\/wp-json\/wp\/v2\/categories?post=2957"},{"taxonomy":"post_tag","embeddable":true,"href":"https:\/\/wp.ufpel.edu.br\/international\/wp-json\/wp\/v2\/tags?post=2957"}],"curies":[{"name":"wp","href":"https:\/\/api.w.org\/{rel}","templated":true}]}}