{"id":2944,"date":"2025-02-06T16:05:16","date_gmt":"2025-02-06T19:05:16","guid":{"rendered":"https:\/\/wp.ufpel.edu.br\/international\/?p=2944"},"modified":"2025-02-06T16:05:16","modified_gmt":"2025-02-06T19:05:16","slug":"edital-no-02-2025-emerging-leaders-of-america-elap","status":"publish","type":"post","link":"https:\/\/wp.ufpel.edu.br\/international\/2025\/02\/06\/edital-no-02-2025-emerging-leaders-of-america-elap\/","title":{"rendered":"Edital n\u00ba. 02\/2025 &#8211; Emerging Leaders of America (ELAP)"},"content":{"rendered":"<header class=\"entry-header\">\n<p class=\"entry-title\" style=\"text-align: justify;\"><span style=\"font-size: 16px;\">A UFPel International lan\u00e7a hoje edital para a sele\u00e7\u00e3o de aluno de gradua\u00e7\u00e3o a ser nomeado pela UFPel para concorrer \u00e0 bolsa de estudos do governo canadense no Programa ELAP \u2013 Emerging Leaders of America.<\/span><\/p>\n<p><a href=\"https:\/\/wp.ufpel.edu.br\/international\/files\/2025\/02\/SEI_2937360_Edital_02.pdf\">Edital n\u00ba. 02\/2025 &#8211; ELAP<\/a><\/p>\n<p class=\"entry-title\" style=\"text-align: justify;\">As inscri\u00e7\u00f5es ser\u00e3o realizadas entre os dias 10 de fevereiro e 14 de fevereiro e a divulga\u00e7\u00e3o do resultado ocorrer\u00e1 a partir do dia 17 de fevereiro de 2025.<\/p>\n<p>Documentos necess\u00e1rios para a inscri\u00e7\u00e3o:<\/p>\n<p><a href=\"https:\/\/wp.ufpel.edu.br\/international\/files\/2025\/02\/Emerging-Leaders-in-the-Americas-Program-ELAP-1.docx\">Ficha de inscri\u00e7\u00e3o ELAP<\/a><\/p>\n<\/header>\n<div class=\"entry-content\">\n<p>ATEN\u00c7\u00c3O: o candidato dever\u00e1 optar por iniciar os estudos em setembro de 2025 ou janeiro de 2026. Se planeja iniciar em setembro, a &#8220;Expected start date&#8221; e a &#8220;Expected End date&#8221; ser\u00e3o September 01, 2025 e December 30, 2025. Se pretende iniciar em fevereiro de 2026, &#8220;Expected start date&#8221; e a &#8220;Expected End date&#8221; ser\u00e3o January 02, 2026 e April 30, 2026.<b><\/b><b><\/b><\/p>\n<\/div>\n","protected":false},"excerpt":{"rendered":"<p>A UFPel International lan\u00e7a hoje edital para a sele\u00e7\u00e3o de aluno de gradua\u00e7\u00e3o a ser nomeado pela UFPel para concorrer \u00e0 bolsa de estudos do governo canadense no Programa ELAP \u2013 Emerging Leaders of America. Edital n\u00ba. 02\/2025 &#8211; ELAP As inscri\u00e7\u00f5es ser\u00e3o realizadas entre os dias 10 de fevereiro e 14 de fevereiro e [&hellip;]<\/p>\n","protected":false},"author":290,"featured_media":0,"comment_status":"closed","ping_status":"closed","sticky":false,"template":"","format":"standard","meta":{"_jetpack_memberships_contains_paid_content":false,"footnotes":""},"categories":[1],"tags":[],"class_list":["post-2944","post","type-post","status-publish","format-standard","hentry","category-noticias"],"jetpack_featured_media_url":"","jetpack_sharing_enabled":true,"_links":{"self":[{"href":"https:\/\/wp.ufpel.edu.br\/international\/wp-json\/wp\/v2\/posts\/2944","targetHints":{"allow":["GET"]}}],"collection":[{"href":"https:\/\/wp.ufpel.edu.br\/international\/wp-json\/wp\/v2\/posts"}],"about":[{"href":"https:\/\/wp.ufpel.edu.br\/international\/wp-json\/wp\/v2\/types\/post"}],"author":[{"embeddable":true,"href":"https:\/\/wp.ufpel.edu.br\/international\/wp-json\/wp\/v2\/users\/290"}],"replies":[{"embeddable":true,"href":"https:\/\/wp.ufpel.edu.br\/international\/wp-json\/wp\/v2\/comments?post=2944"}],"version-history":[{"count":1,"href":"https:\/\/wp.ufpel.edu.br\/international\/wp-json\/wp\/v2\/posts\/2944\/revisions"}],"predecessor-version":[{"id":2947,"href":"https:\/\/wp.ufpel.edu.br\/international\/wp-json\/wp\/v2\/posts\/2944\/revisions\/2947"}],"wp:attachment":[{"href":"https:\/\/wp.ufpel.edu.br\/international\/wp-json\/wp\/v2\/media?parent=2944"}],"wp:term":[{"taxonomy":"category","embeddable":true,"href":"https:\/\/wp.ufpel.edu.br\/international\/wp-json\/wp\/v2\/categories?post=2944"},{"taxonomy":"post_tag","embeddable":true,"href":"https:\/\/wp.ufpel.edu.br\/international\/wp-json\/wp\/v2\/tags?post=2944"}],"curies":[{"name":"wp","href":"https:\/\/api.w.org\/{rel}","templated":true}]}}