{"id":2869,"date":"2024-10-21T15:39:03","date_gmt":"2024-10-21T18:39:03","guid":{"rendered":"https:\/\/wp.ufpel.edu.br\/international\/?p=2869"},"modified":"2024-10-24T11:18:36","modified_gmt":"2024-10-24T14:18:36","slug":"resultados-edital-escala-no-10-2024","status":"publish","type":"post","link":"https:\/\/wp.ufpel.edu.br\/international\/2024\/10\/21\/resultados-edital-escala-no-10-2024\/","title":{"rendered":"Resultados Edital ESCALA n\u00ba. 10\/2024"},"content":{"rendered":"<p>A Coordena\u00e7\u00e3o de Rela\u00e7\u00f5es Internacionais \u2013 CRInter da Universidade Federal de Pelotas no uso de suas atribui\u00e7\u00f5es torna p\u00fablico o RESULTADO da sele\u00e7\u00e3o de candidatos ao Programa ESCALA 2025:<\/p>\n<p>Inscri\u00e7\u00f5es Indeferidas:<\/p>\n<table dir=\"ltr\" style=\"height: 98px;\" border=\"1\" width=\"599\" cellspacing=\"0\" cellpadding=\"0\" data-sheets-root=\"1\" data-sheets-baot=\"1\">\n<colgroup>\n<col width=\"277\" \/>\n<col width=\"100\" \/><\/colgroup>\n<tbody>\n<tr>\n<td style=\"width: 249px;\">Nataniele Paim Schmutz<\/td>\n<td style=\"width: 234px;\">\n<div>\n<div>erro no formul\u00e1rio<\/div>\n<\/div>\n<\/td>\n<\/tr>\n<tr>\n<td style=\"width: 249px;\">Lauren Crochemore Soares<\/td>\n<td style=\"width: 234px;\">\n<div>\n<div>erro no formul\u00e1rio<\/div>\n<\/div>\n<\/td>\n<\/tr>\n<tr>\n<td style=\"width: 249px;\">\u00c9litom Henry Boragini da Silva<\/td>\n<td style=\"width: 234px;\">\n<div>\n<div>n\u00e3o preenche requisitos<\/div>\n<\/div>\n<\/td>\n<\/tr>\n<tr>\n<td style=\"width: 249px;\">Igor Andr\u00e9 Correa Silveira<\/td>\n<td style=\"width: 234px;\">\n<div>\n<div>n\u00e3o preenche requisitos<\/div>\n<\/div>\n<\/td>\n<\/tr>\n<tr>\n<td style=\"width: 249px;\">Fernanda Polga Souza<\/td>\n<td style=\"width: 234px;\">\n<div>\n<div>n\u00e3o preenche requisitos<\/div>\n<\/div>\n<\/td>\n<\/tr>\n<\/tbody>\n<\/table>\n<p>&nbsp;<\/p>\n<p>Estudantes selecionados:<\/p>\n<h2>2025\/1: Universidad de la Republica<\/h2>\n<table dir=\"ltr\" style=\"height: 70px;\" border=\"1\" width=\"619\" cellspacing=\"0\" cellpadding=\"0\" data-sheets-root=\"1\" data-sheets-baot=\"1\">\n<colgroup>\n<col width=\"202\" \/>\n<col width=\"271\" \/><\/colgroup>\n<tbody>\n<tr>\n<td style=\"width: 261px;\">Classifica\u00e7\u00e3o:<\/td>\n<td style=\"width: 220px;\"><\/td>\n<\/tr>\n<tr>\n<td style=\"width: 261px;\">1\u00ba<\/td>\n<td style=\"width: 220px;\">Maria Fernanda Fernandes dos Santos<\/td>\n<\/tr>\n<tr>\n<td style=\"width: 261px;\">Suplente<\/td>\n<td style=\"width: 220px;\">Giulia Bergantini Waldemarin<\/td>\n<\/tr>\n<\/tbody>\n<\/table>\n<p>&nbsp;<\/p>\n<h2>2025\/1: Universidad Nacional del Nordeste<\/h2>\n<table dir=\"ltr\" style=\"height: 47px;\" border=\"1\" width=\"623\" cellspacing=\"0\" cellpadding=\"0\" data-sheets-root=\"1\" data-sheets-baot=\"1\">\n<colgroup>\n<col width=\"202\" \/>\n<col width=\"271\" \/><\/colgroup>\n<tbody>\n<tr>\n<td style=\"width: 263px;\">Classifica\u00e7\u00e3o:<\/td>\n<td style=\"width: 209px;\"><\/td>\n<\/tr>\n<tr>\n<td style=\"width: 263px;\">1\u00ba<\/td>\n<td style=\"width: 209px;\">Betina Dutra Lima<\/td>\n<\/tr>\n<\/tbody>\n<\/table>\n<p>&nbsp;<\/p>\n<h2>2025\/1: Universidad Nacional de Mar del Plata<\/h2>\n<table dir=\"ltr\" border=\"1\" cellspacing=\"0\" cellpadding=\"0\" data-sheets-root=\"1\" data-sheets-baot=\"1\">\n<colgroup>\n<col width=\"202\" \/>\n<col width=\"271\" \/><\/colgroup>\n<tbody>\n<tr>\n<td>Classifica\u00e7\u00e3o:<\/td>\n<td><\/td>\n<\/tr>\n<tr>\n<td>1\u00ba<\/td>\n<td>Ana Cl\u00e1udia Pantoja Alves<\/td>\n<\/tr>\n<\/tbody>\n<\/table>\n<p>&nbsp;<\/p>\n<h2>2025\/1: Universidad\u00a0Nacional de Cuyo<\/h2>\n<table dir=\"ltr\" border=\"1\" cellspacing=\"0\" cellpadding=\"0\" data-sheets-root=\"1\" data-sheets-baot=\"1\">\n<colgroup>\n<col width=\"202\" \/>\n<col width=\"271\" \/><\/colgroup>\n<tbody>\n<tr>\n<td>Classifica\u00e7\u00e3o:<\/td>\n<td><\/td>\n<\/tr>\n<tr>\n<td>1\u00ba<\/td>\n<td>Wesley Cunha Teodoro<\/td>\n<\/tr>\n<tr>\n<td>Suplente:<\/td>\n<td>Carlos Henrique Rodrigues Roque<\/td>\n<\/tr>\n<\/tbody>\n<\/table>\n<h2>2025\/2: Universidad de la Republica<\/h2>\n<table dir=\"ltr\" style=\"height: 75px;\" border=\"1\" width=\"623\" cellspacing=\"0\" cellpadding=\"0\" data-sheets-root=\"1\" data-sheets-baot=\"1\">\n<colgroup>\n<col width=\"181\" \/>\n<col width=\"100\" \/><\/colgroup>\n<tbody>\n<tr>\n<td style=\"width: 200px;\">Classifica\u00e7\u00e3o:<\/td>\n<td style=\"width: 273px;\"><\/td>\n<\/tr>\n<tr>\n<td style=\"width: 200px;\">1\u00ba<\/td>\n<td style=\"width: 273px;\">\n<div>\n<div>Maisa Eduarda Novack Dias<\/div>\n<\/div>\n<\/td>\n<\/tr>\n<tr>\n<td style=\"width: 200px;\">Suplente<\/td>\n<td style=\"width: 273px;\">\n<div>\n<div>Mariana Corlassoli<\/div>\n<\/div>\n<\/td>\n<\/tr>\n<\/tbody>\n<\/table>\n<p>&nbsp;<\/p>\n<h2>2025\/2: Universidad Nacional Mar del Plata<\/h2>\n<table dir=\"ltr\" style=\"height: 74px;\" border=\"1\" width=\"620\" cellspacing=\"0\" cellpadding=\"0\" data-sheets-root=\"1\" data-sheets-baot=\"1\">\n<colgroup>\n<col width=\"181\" \/>\n<col width=\"191\" \/><\/colgroup>\n<tbody>\n<tr>\n<td style=\"width: 198px;\">Classifica\u00e7\u00e3o:<\/td>\n<td style=\"width: 272px;\"><\/td>\n<\/tr>\n<tr>\n<td style=\"width: 198px;\">1\u00ba<\/td>\n<td style=\"width: 272px;\">Beatriz da Silva Cordeiro<\/td>\n<\/tr>\n<tr>\n<td style=\"width: 198px;\">Suplente<\/td>\n<td style=\"width: 272px;\">Ana Luiza Vitalli<\/td>\n<\/tr>\n<\/tbody>\n<\/table>\n<p>&nbsp;<\/p>\n<h2>2025\/2: Universidad Nacional del Nordeste<\/h2>\n<table dir=\"ltr\" style=\"height: 47px;\" border=\"1\" width=\"474\" cellspacing=\"0\" cellpadding=\"0\" data-sheets-root=\"1\" data-sheets-baot=\"1\">\n<colgroup>\n<col width=\"181\" \/>\n<col width=\"191\" \/><\/colgroup>\n<tbody>\n<tr>\n<td style=\"width: 196px;\">Classifica\u00e7\u00e3o:<\/td>\n<td style=\"width: 271px;\">Raquel dos Santos<\/td>\n<\/tr>\n<tr>\n<td style=\"width: 196px;\">1\u00ba<\/td>\n<td style=\"width: 271px;\"><\/td>\n<\/tr>\n<\/tbody>\n<\/table>\n<p>&nbsp;<\/p>\n","protected":false},"excerpt":{"rendered":"<p>A Coordena\u00e7\u00e3o de Rela\u00e7\u00f5es Internacionais \u2013 CRInter da Universidade Federal de Pelotas no uso de suas atribui\u00e7\u00f5es torna p\u00fablico o RESULTADO da sele\u00e7\u00e3o de candidatos ao Programa ESCALA 2025: Inscri\u00e7\u00f5es Indeferidas: Nataniele Paim Schmutz erro no formul\u00e1rio Lauren Crochemore Soares erro no formul\u00e1rio \u00c9litom Henry Boragini da Silva n\u00e3o preenche requisitos Igor Andr\u00e9 Correa Silveira [&hellip;]<\/p>\n","protected":false},"author":290,"featured_media":2881,"comment_status":"closed","ping_status":"closed","sticky":false,"template":"","format":"standard","meta":{"_jetpack_memberships_contains_paid_content":false,"footnotes":""},"categories":[1],"tags":[],"class_list":{"0":"post-2869","1":"post","2":"type-post","3":"status-publish","4":"format-standard","5":"has-post-thumbnail","6":"hentry","7":"category-noticias","9":"post-with-thumbnail","10":"post-with-thumbnail-large"},"jetpack_featured_media_url":"https:\/\/wp.ufpel.edu.br\/international\/files\/2024\/10\/LAYOUT-SITE-1.png","jetpack_sharing_enabled":true,"_links":{"self":[{"href":"https:\/\/wp.ufpel.edu.br\/international\/wp-json\/wp\/v2\/posts\/2869","targetHints":{"allow":["GET"]}}],"collection":[{"href":"https:\/\/wp.ufpel.edu.br\/international\/wp-json\/wp\/v2\/posts"}],"about":[{"href":"https:\/\/wp.ufpel.edu.br\/international\/wp-json\/wp\/v2\/types\/post"}],"author":[{"embeddable":true,"href":"https:\/\/wp.ufpel.edu.br\/international\/wp-json\/wp\/v2\/users\/290"}],"replies":[{"embeddable":true,"href":"https:\/\/wp.ufpel.edu.br\/international\/wp-json\/wp\/v2\/comments?post=2869"}],"version-history":[{"count":9,"href":"https:\/\/wp.ufpel.edu.br\/international\/wp-json\/wp\/v2\/posts\/2869\/revisions"}],"predecessor-version":[{"id":2883,"href":"https:\/\/wp.ufpel.edu.br\/international\/wp-json\/wp\/v2\/posts\/2869\/revisions\/2883"}],"wp:featuredmedia":[{"embeddable":true,"href":"https:\/\/wp.ufpel.edu.br\/international\/wp-json\/wp\/v2\/media\/2881"}],"wp:attachment":[{"href":"https:\/\/wp.ufpel.edu.br\/international\/wp-json\/wp\/v2\/media?parent=2869"}],"wp:term":[{"taxonomy":"category","embeddable":true,"href":"https:\/\/wp.ufpel.edu.br\/international\/wp-json\/wp\/v2\/categories?post=2869"},{"taxonomy":"post_tag","embeddable":true,"href":"https:\/\/wp.ufpel.edu.br\/international\/wp-json\/wp\/v2\/tags?post=2869"}],"curies":[{"name":"wp","href":"https:\/\/api.w.org\/{rel}","templated":true}]}}