{"id":2804,"date":"2024-09-24T16:55:42","date_gmt":"2024-09-24T19:55:42","guid":{"rendered":"https:\/\/wp.ufpel.edu.br\/international\/?p=2804"},"modified":"2024-09-30T17:09:42","modified_gmt":"2024-09-30T20:09:42","slug":"edital-no-09-2024-mobilidade-virtual-pila-2025-1","status":"publish","type":"post","link":"https:\/\/wp.ufpel.edu.br\/international\/2024\/09\/24\/edital-no-09-2024-mobilidade-virtual-pila-2025-1\/","title":{"rendered":"Edital n\u00ba. 09\/2024 &#8211; Mobilidade Virtual PILA 2025\/1"},"content":{"rendered":"<p>A\u00a0<b>Convocat\u00f3ria PILA Virtual 2025-1<\/b>, referente ao 1\u00ba semestre letivo de 2025, encontra-se aberta para a candidatura de estudantes de gradua\u00e7\u00e3o da UFPel em disciplinas ofertadas por institui\u00e7\u00f5es de ensino superior da Argentina, Chile, Col\u00f4mbia, Cuba, M\u00e9xico, Nicar\u00e1gua, Paraguai e Uruguai.<\/p>\n<p>&nbsp;<\/p>\n<p><a href=\"https:\/\/wp.ufpel.edu.br\/international\/files\/2024\/09\/SEI_UFPel-2755331-Edital-09-pila-virtual.pdf\">Edital n. 09\/2024 &#8211; Mobilidade Acad\u00eamica Internacional Virtual (PILAVirtual)<\/a><\/p>\n<p>Formul\u00e1rio de Inscri\u00e7\u00e3o: <a href=\"https:\/\/forms.gle\/xrNxyXSP8qtY9CB47\">https:\/\/forms.gle\/xrNxyXSP8qtY9CB47<\/a><\/p>\n<p>Modelo de Plano de Estudos: <a href=\"https:\/\/wp.ufpel.edu.br\/international\/files\/2024\/09\/PILAVirtual-Formato-inscripcion-estudiantes-1.docx\">Plano de Estudos<\/a><\/p>\n<p>Programa PILA: <a title=\"\" href=\"https:\/\/www.programapila.lat\/\" target=\"_blank\" rel=\"noopener\">https:\/\/www.programapila.lat\/<\/a><\/p>\n<p>Disciplinas ofertadas: <a href=\"http:\/\/pila.cin.edu.ar\/?ai=marca||224000006\">http:\/\/pila.cin.edu.ar\/?ai=marca||224000006<\/a><\/p>\n<h2><\/h2>\n<h2><strong>D\u00favidas frequentes:<\/strong><\/h2>\n<p><strong>1- O que \u00e9 o Programa PILA Virtual?<\/strong><br \/>\nO PILA Virtual \u00e9 uma experi\u00eancia aberta \u00e0s institui\u00e7\u00f5es participantes do PILA (Programa de Interc\u00e2mbio Latino-Americano) que desejam promover a internacionaliza\u00e7\u00e3o integral por meio do desenvolvimento do interc\u00e2mbio virtual de estudantes de gradua\u00e7\u00e3o. Participam do programa institui\u00e7\u00f5es de ensino superior de 9 pa\u00edses da Am\u00e9rica Latina e Caribe, sendo eles: Argentina, Brasil, Chile, Col\u00f4mbia, Cuba, M\u00e9xico, Nicar\u00e1gua, Paraguai e Uruguai.<\/p>\n<p><strong>2- Quanto custa participar do PILA Virtual?<\/strong><br \/>\nA participa\u00e7\u00e3o no PILA Virtual \u00e9 100% gratuita, sendo essa uma das premissas do Programa. Caso alguma institui\u00e7\u00e3o realize alguma cobran\u00e7a, esta necessidade deve estar indicada e justificada no sistema de gest\u00e3o do PILA Virtual.<\/p>\n<p><strong>3- Qualquer aluno da UFPel pode se candidatar ao PILA Virtual?<\/strong><br \/>\nN\u00e3o. Para se candidatar \u00e9 preciso estar regularmente matriculado na UFPel, ter integralizado, no m\u00ednimo, todas as disciplinas do primeiro ano (para o curso de Direito); 1 (um) semestre para os cursos tecn\u00f3logos e 2 (dois) semestres letivos para os demais cursos e ter sido aprovado em, pelo menos, 20% do seu curso. Egressos n\u00e3o podem se candidatar.<\/p>\n<p><strong>4- As aulas ser\u00e3o ofertadas em portugu\u00eas ou espanhol?<\/strong><br \/>\nAs aulas ofertadas pelas institui\u00e7\u00f5es de ensino superior da Argentina, do Chile, da Col\u00f4mbia, de Cuba, do M\u00e9xico, da Nicar\u00e1gua, do Paraguai e do Uruguai ser\u00e3o em espanhol, a menos que seja indicada outra l\u00edngua nas informa\u00e7\u00f5es da mat\u00e9ria especificamente.<\/p>\n<p><strong>5- \u00c9 preciso ser fluente em espanhol para participar?<\/strong><br \/>\nPara se candidatar, a flu\u00eancia em espanhol n\u00e3o \u00e9 exigida, a menos que esteja indicado nos requisitos de alguma mat\u00e9ria espec\u00edfica. Por isso leia com aten\u00e7\u00e3o os requisitos exigidos em cada mat\u00e9ria. No entanto, espera-se que o estudante compreenda e saiba falar um pouco da l\u00edngua, para que a participa\u00e7\u00e3o nas aulas e avalia\u00e7\u00f5es n\u00e3o seja comprometida. \u00c9 esperado que os professores sejam compreens\u00edveis em rela\u00e7\u00e3o a poss\u00edveis dificuldades de comunica\u00e7\u00e3o em espanhol por parte de alunos brasileiros, mas n\u00e3o \u00e9 poss\u00edvel garantir que falar\u00e3o mais devagar nas aulas, ou que considerar\u00e3o erros gramaticais nas avalia\u00e7\u00f5es. Em etapa posterior, caso o estudante seja aceito para cursar a mat\u00e9rias para a qual se candidatou, existe a possibilidade de que a institui\u00e7\u00e3o\u00a0 estrangeira aplique algum teste ou agende uma entrevista para avaliar o n\u00edvel de profici\u00eancia em espanhol. Mas isso n\u00e3o \u00e9 uma regra.<\/p>\n<p><strong>6- H\u00e1 um limite de candidaturas para disciplinas a serem cursadas?<\/strong><br \/>\nSim. Os interessados podem pleitear participa\u00e7\u00e3o em 1 (uma) disciplina para an\u00e1lise do Escrit\u00f3rio de Rela\u00e7\u00f5es Internacionais da universidade estrangeira pleiteada.<\/p>\n<p><strong>7- \u00c9 poss\u00edvel cursar disciplinas em institui\u00e7\u00f5es de ensino superior brasileiras por meio do PILA Virtual?<\/strong><br \/>\nN\u00e3o, apenas os estudantes de institui\u00e7\u00f5es de ensino superior da Argentina, do Chile, da Col\u00f4mbia, de Cuba, do M\u00e9xico, da Nicar\u00e1gua, do Paraguai e do Uruguai podem cursar disciplinas em institui\u00e7\u00f5es brasileiras.<\/p>\n<p><strong>8- Estudantes de gradua\u00e7\u00e3o podem cursar disciplina ofertada por cursos de p\u00f3s-gradua\u00e7\u00e3o?<br \/>\n<\/strong>N\u00e3o \u00e9 poss\u00edvel. Os estudantes podem se inscrever apenas em disciplinas de cursos com o mesmo n\u00edvel de seu curso de origem na UFPel. Alunos de gradua\u00e7\u00e3o podem inscrever-se em disciplina de Pregrado ou Grado. Alunos de p\u00f3s-gradua\u00e7\u00e3o podem se inscrever em disciplina de p\u00f3s-gradua\u00e7\u00e3o.<\/p>\n<p><strong>9- Uma vez matriculado em disciplina do PILA Virtual, \u00e9 poss\u00edvel desistir?<\/strong><br \/>\nUma vez matriculado, o aluno se compromete a concluir a disciplina, conforme o Termo de Compromisso a ser assinado. A desist\u00eancia somente pode ocorrer antes da matr\u00edcula, para que a universidade de destino possa convocar alunos da lista de espera. Toda desist\u00eancia deve ser comunicada imediatamente \u00e0 CRInter e \u00e0 universidade de destino.<\/p>\n<p><strong>10- Termos em espanhol para auxiliar na compreens\u00e3o da base de dados de mat\u00e9rias dispon\u00edveis no site do PILA Virtual:<\/strong><br \/>\nAsignaturas\/Materias: mat\u00e9rias<br \/>\nDisciplinas: \u00e1reas do conhecimento<br \/>\nCarrera: curso<br \/>\nPrograma acad\u00e9mico: curso<\/p>\n<p><strong>11- Como acessar as disciplinas na plataforma PILA VIRTUAL?<br \/>\n<\/strong>Acesse o link: : <a href=\"http:\/\/pila.cin.edu.ar\/?ai=marca||224000006\">http:\/\/pila.cin.edu.ar\/?ai=marca||224000006<\/a>. Selecione a convocat\u00f3ria 2025-1, o pa\u00eds de origem Brasil, n\u00e3o coloque pa\u00eds de destino, escolha a sua \u00e1rea de interesse e clique em FILTRAR.<\/p>\n<div><\/div>\n","protected":false},"excerpt":{"rendered":"<p>A\u00a0Convocat\u00f3ria PILA Virtual 2025-1, referente ao 1\u00ba semestre letivo de 2025, encontra-se aberta para a candidatura de estudantes de gradua\u00e7\u00e3o da UFPel em disciplinas ofertadas por institui\u00e7\u00f5es de ensino superior da Argentina, Chile, Col\u00f4mbia, Cuba, M\u00e9xico, Nicar\u00e1gua, Paraguai e Uruguai. &nbsp; Edital n. 09\/2024 &#8211; Mobilidade Acad\u00eamica Internacional Virtual (PILAVirtual) Formul\u00e1rio de Inscri\u00e7\u00e3o: https:\/\/forms.gle\/xrNxyXSP8qtY9CB47 Modelo [&hellip;]<\/p>\n","protected":false},"author":290,"featured_media":2818,"comment_status":"closed","ping_status":"closed","sticky":false,"template":"","format":"standard","meta":{"_jetpack_memberships_contains_paid_content":false,"footnotes":""},"categories":[1],"tags":[],"class_list":{"0":"post-2804","1":"post","2":"type-post","3":"status-publish","4":"format-standard","5":"has-post-thumbnail","6":"hentry","7":"category-noticias","9":"post-with-thumbnail","10":"post-with-thumbnail-large"},"jetpack_featured_media_url":"https:\/\/wp.ufpel.edu.br\/international\/files\/2024\/09\/LAYOUT-SITE-1.png","jetpack_sharing_enabled":true,"_links":{"self":[{"href":"https:\/\/wp.ufpel.edu.br\/international\/wp-json\/wp\/v2\/posts\/2804","targetHints":{"allow":["GET"]}}],"collection":[{"href":"https:\/\/wp.ufpel.edu.br\/international\/wp-json\/wp\/v2\/posts"}],"about":[{"href":"https:\/\/wp.ufpel.edu.br\/international\/wp-json\/wp\/v2\/types\/post"}],"author":[{"embeddable":true,"href":"https:\/\/wp.ufpel.edu.br\/international\/wp-json\/wp\/v2\/users\/290"}],"replies":[{"embeddable":true,"href":"https:\/\/wp.ufpel.edu.br\/international\/wp-json\/wp\/v2\/comments?post=2804"}],"version-history":[{"count":14,"href":"https:\/\/wp.ufpel.edu.br\/international\/wp-json\/wp\/v2\/posts\/2804\/revisions"}],"predecessor-version":[{"id":2824,"href":"https:\/\/wp.ufpel.edu.br\/international\/wp-json\/wp\/v2\/posts\/2804\/revisions\/2824"}],"wp:featuredmedia":[{"embeddable":true,"href":"https:\/\/wp.ufpel.edu.br\/international\/wp-json\/wp\/v2\/media\/2818"}],"wp:attachment":[{"href":"https:\/\/wp.ufpel.edu.br\/international\/wp-json\/wp\/v2\/media?parent=2804"}],"wp:term":[{"taxonomy":"category","embeddable":true,"href":"https:\/\/wp.ufpel.edu.br\/international\/wp-json\/wp\/v2\/categories?post=2804"},{"taxonomy":"post_tag","embeddable":true,"href":"https:\/\/wp.ufpel.edu.br\/international\/wp-json\/wp\/v2\/tags?post=2804"}],"curies":[{"name":"wp","href":"https:\/\/api.w.org\/{rel}","templated":true}]}}