{"id":2655,"date":"2024-08-15T08:18:13","date_gmt":"2024-08-15T11:18:13","guid":{"rendered":"https:\/\/wp.ufpel.edu.br\/international\/?p=2655"},"modified":"2024-09-06T11:46:21","modified_gmt":"2024-09-06T14:46:21","slug":"resultado-edital-07-2024-bolsa-merito-2024-2","status":"publish","type":"post","link":"https:\/\/wp.ufpel.edu.br\/international\/2024\/08\/15\/resultado-edital-07-2024-bolsa-merito-2024-2\/","title":{"rendered":"RESULTADO Edital 07\/2024 \u2013 Bolsa M\u00e9rito 2024\/2"},"content":{"rendered":"<p>A Coordena\u00e7\u00e3o de Rela\u00e7\u00f5es Internacionais \u2013 CRInter da Universidade Federal de Pelotas no uso de suas atribui\u00e7\u00f5es, em complemento ao Edital de Convoca\u00e7\u00e3o IGR N\u00ba 1\/2024 do Minist\u00e9rio de Rela\u00e7\u00f5es Exteriores (MRE), torna p\u00fablico o RESULTADO da pr\u00e9-sele\u00e7\u00e3o de candidatos \u00e0 BOLSA M\u00c9RITO 2024\/2, conforme listagem abaixo enviada<\/p>\n<p>&nbsp;<\/p>\n<p class=\"Texto_Justificado_Recuo_Primeira_Linha\"><b>Abigail Shania Williams<\/b><\/p>\n<p class=\"Texto_Justificado_Recuo_Primeira_Linha\"><b>Brenda Nicolle Cuellar Espinal<\/b><\/p>\n<p class=\"Texto_Justificado_Recuo_Primeira_Linha\"><strong>Mauro Jos\u00e9 Chantre Barros<\/strong><\/p>\n<p class=\"Texto_Justificado_Recuo_Primeira_Linha\"><strong>Patr\u00edcia Afonso Neves<\/strong><\/p>\n<p class=\"Texto_Justificado_Recuo_Primeira_Linha\"><strong>Paula Andrea Garz\u00f3n Bocanegra<\/strong><\/p>\n","protected":false},"excerpt":{"rendered":"<p>A Coordena\u00e7\u00e3o de Rela\u00e7\u00f5es Internacionais \u2013 CRInter da Universidade Federal de Pelotas no uso de suas atribui\u00e7\u00f5es, em complemento ao Edital de Convoca\u00e7\u00e3o IGR N\u00ba 1\/2024 do Minist\u00e9rio de Rela\u00e7\u00f5es Exteriores (MRE), torna p\u00fablico o RESULTADO da pr\u00e9-sele\u00e7\u00e3o de candidatos \u00e0 BOLSA M\u00c9RITO 2024\/2, conforme listagem abaixo enviada &nbsp; Abigail Shania Williams Brenda Nicolle Cuellar [&hellip;]<\/p>\n","protected":false},"author":290,"featured_media":2736,"comment_status":"closed","ping_status":"closed","sticky":false,"template":"","format":"standard","meta":{"_jetpack_memberships_contains_paid_content":false,"footnotes":""},"categories":[1],"tags":[],"class_list":{"0":"post-2655","1":"post","2":"type-post","3":"status-publish","4":"format-standard","5":"has-post-thumbnail","6":"hentry","7":"category-noticias","9":"post-with-thumbnail","10":"post-with-thumbnail-large"},"jetpack_featured_media_url":"https:\/\/wp.ufpel.edu.br\/international\/files\/2024\/08\/LAYOUT-SITE-2.png","jetpack_sharing_enabled":true,"_links":{"self":[{"href":"https:\/\/wp.ufpel.edu.br\/international\/wp-json\/wp\/v2\/posts\/2655","targetHints":{"allow":["GET"]}}],"collection":[{"href":"https:\/\/wp.ufpel.edu.br\/international\/wp-json\/wp\/v2\/posts"}],"about":[{"href":"https:\/\/wp.ufpel.edu.br\/international\/wp-json\/wp\/v2\/types\/post"}],"author":[{"embeddable":true,"href":"https:\/\/wp.ufpel.edu.br\/international\/wp-json\/wp\/v2\/users\/290"}],"replies":[{"embeddable":true,"href":"https:\/\/wp.ufpel.edu.br\/international\/wp-json\/wp\/v2\/comments?post=2655"}],"version-history":[{"count":2,"href":"https:\/\/wp.ufpel.edu.br\/international\/wp-json\/wp\/v2\/posts\/2655\/revisions"}],"predecessor-version":[{"id":2658,"href":"https:\/\/wp.ufpel.edu.br\/international\/wp-json\/wp\/v2\/posts\/2655\/revisions\/2658"}],"wp:featuredmedia":[{"embeddable":true,"href":"https:\/\/wp.ufpel.edu.br\/international\/wp-json\/wp\/v2\/media\/2736"}],"wp:attachment":[{"href":"https:\/\/wp.ufpel.edu.br\/international\/wp-json\/wp\/v2\/media?parent=2655"}],"wp:term":[{"taxonomy":"category","embeddable":true,"href":"https:\/\/wp.ufpel.edu.br\/international\/wp-json\/wp\/v2\/categories?post=2655"},{"taxonomy":"post_tag","embeddable":true,"href":"https:\/\/wp.ufpel.edu.br\/international\/wp-json\/wp\/v2\/tags?post=2655"}],"curies":[{"name":"wp","href":"https:\/\/api.w.org\/{rel}","templated":true}]}}