{"id":2651,"date":"2024-08-07T16:51:23","date_gmt":"2024-08-07T19:51:23","guid":{"rendered":"https:\/\/wp.ufpel.edu.br\/international\/?p=2651"},"modified":"2024-08-07T17:38:35","modified_gmt":"2024-08-07T20:38:35","slug":"engaged-language-lab","status":"publish","type":"post","link":"https:\/\/wp.ufpel.edu.br\/international\/2024\/08\/07\/engaged-language-lab\/","title":{"rendered":"Engaged Language Lab"},"content":{"rendered":"<p><strong>Engaged Language Lab<\/strong><\/p>\n<p>Atendendo a uma demanda antiga da comunidade docente da UFPel, vem a\u00ed uma a\u00e7\u00e3o in\u00e9dita da Crinter, em parceria com a PROGEP: o <strong>Engaged Language Lab<\/strong>!<\/p>\n<h3>Objetivo:<\/h3>\n<p>Estimular o desenvolvimento de compet\u00eancias de ensino dos docentes da UFPel por meio do Ingl\u00eas como Meio de Instru\u00e7\u00e3o (English as a Medium of Instruction &#8211; EMI). Al\u00e9m disso, o curso visa aprimorar a profici\u00eancia dos docentes em l\u00edngua inglesa e promover a constru\u00e7\u00e3o conjunta de uma comunidade de pr\u00e1tica onde o ingl\u00eas sirva como:<\/p>\n<ul>\n<li>Meio de comunica\u00e7\u00e3o entre pares (busca e oferta de assist\u00eancia, orienta\u00e7\u00f5es e solu\u00e7\u00f5es colaborativas)<\/li>\n<li>Instrumento de trocas acad\u00eamicas (compartilhamento de insights, melhores pr\u00e1ticas, materiais did\u00e1ticos e planos de ensino em ingl\u00eas)<\/li>\n<\/ul>\n<h3>Detalhes do Curso:<\/h3>\n<ul>\n<li><strong>Per\u00edodo:<\/strong> 20 de agosto a 22 de outubro de 2024<\/li>\n<li><strong>Dias:<\/strong> Ter\u00e7as-feiras<\/li>\n<li><strong>Hor\u00e1rio:<\/strong> 14h \u00e0s 16h25min<\/li>\n<li><strong>Modalidade:<\/strong> Online<\/li>\n<li><strong>P\u00fablico Alvo:<\/strong> Servidores\/as docentes<\/li>\n<li><strong>N\u00famero de vagas:<\/strong> 20 (limitadas por ordem de inscri\u00e7\u00e3o)<\/li>\n<\/ul>\n<h3>Inscri\u00e7\u00f5es:<\/h3>\n<p>As inscri\u00e7\u00f5es est\u00e3o abertas at\u00e9 15\/08\/2024. N\u00e3o perca esta oportunidade \u00fanica de desenvolver suas habilidades de ensino em ingl\u00eas e fazer parte de uma comunidade colaborativa de pr\u00e1tica!<\/p>\n<p>\ud83d\udd17 <a href=\"https:\/\/wp.ufpel.edu.br\/progep\/inscricoes-para-curso\/\" target=\"_new\" rel=\"noreferrer noopener\">Link para inscri\u00e7\u00e3o: Pr\u00f3-Reitoria de Gest\u00e3o de Pessoas \u2013 PROGEP \u00bb Inscri\u00e7\u00f5es<\/a><\/p>\n","protected":false},"excerpt":{"rendered":"<p>Engaged Language Lab Atendendo a uma demanda antiga da comunidade docente da UFPel, vem a\u00ed uma a\u00e7\u00e3o in\u00e9dita da Crinter, em parceria com a PROGEP: o Engaged Language Lab! Objetivo: Estimular o desenvolvimento de compet\u00eancias de ensino dos docentes da UFPel por meio do Ingl\u00eas como Meio de Instru\u00e7\u00e3o (English as a Medium of Instruction [&hellip;]<\/p>\n","protected":false},"author":290,"featured_media":2652,"comment_status":"closed","ping_status":"closed","sticky":false,"template":"","format":"standard","meta":{"_jetpack_memberships_contains_paid_content":false,"footnotes":""},"categories":[1],"tags":[],"class_list":{"0":"post-2651","1":"post","2":"type-post","3":"status-publish","4":"format-standard","5":"has-post-thumbnail","6":"hentry","7":"category-noticias","9":"post-with-thumbnail","10":"post-with-thumbnail-large"},"jetpack_featured_media_url":"https:\/\/wp.ufpel.edu.br\/international\/files\/2024\/08\/LAYOUT-SITE-1.png","jetpack_sharing_enabled":true,"_links":{"self":[{"href":"https:\/\/wp.ufpel.edu.br\/international\/wp-json\/wp\/v2\/posts\/2651","targetHints":{"allow":["GET"]}}],"collection":[{"href":"https:\/\/wp.ufpel.edu.br\/international\/wp-json\/wp\/v2\/posts"}],"about":[{"href":"https:\/\/wp.ufpel.edu.br\/international\/wp-json\/wp\/v2\/types\/post"}],"author":[{"embeddable":true,"href":"https:\/\/wp.ufpel.edu.br\/international\/wp-json\/wp\/v2\/users\/290"}],"replies":[{"embeddable":true,"href":"https:\/\/wp.ufpel.edu.br\/international\/wp-json\/wp\/v2\/comments?post=2651"}],"version-history":[{"count":2,"href":"https:\/\/wp.ufpel.edu.br\/international\/wp-json\/wp\/v2\/posts\/2651\/revisions"}],"predecessor-version":[{"id":2654,"href":"https:\/\/wp.ufpel.edu.br\/international\/wp-json\/wp\/v2\/posts\/2651\/revisions\/2654"}],"wp:featuredmedia":[{"embeddable":true,"href":"https:\/\/wp.ufpel.edu.br\/international\/wp-json\/wp\/v2\/media\/2652"}],"wp:attachment":[{"href":"https:\/\/wp.ufpel.edu.br\/international\/wp-json\/wp\/v2\/media?parent=2651"}],"wp:term":[{"taxonomy":"category","embeddable":true,"href":"https:\/\/wp.ufpel.edu.br\/international\/wp-json\/wp\/v2\/categories?post=2651"},{"taxonomy":"post_tag","embeddable":true,"href":"https:\/\/wp.ufpel.edu.br\/international\/wp-json\/wp\/v2\/tags?post=2651"}],"curies":[{"name":"wp","href":"https:\/\/api.w.org\/{rel}","templated":true}]}}