{"id":2575,"date":"2024-05-29T16:27:00","date_gmt":"2024-05-29T19:27:00","guid":{"rendered":"https:\/\/wp.ufpel.edu.br\/international\/?p=2575"},"modified":"2024-05-29T16:27:00","modified_gmt":"2024-05-29T19:27:00","slug":"programa-de-bolsas-de-estudo-iila-maeci-2025","status":"publish","type":"post","link":"https:\/\/wp.ufpel.edu.br\/international\/2024\/05\/29\/programa-de-bolsas-de-estudo-iila-maeci-2025\/","title":{"rendered":"Programa de Bolsas de Estudo IILA-MAECI 2025"},"content":{"rendered":"<p>Programa de Bolsas de Estudo IILA-MAECI 2025<\/p>\n<p>Sauda\u00e7\u00f5es a todos!<\/p>\n<p>Estamos animados em compartilhar uma oportunidade incr\u00edvel para est\u00e1gios profissionais e p\u00f3s-gradua\u00e7\u00e3o na It\u00e1lia em 2025!<\/p>\n<p>O programa de bolsas de estudo, promovido pela Organiza\u00e7\u00e3o Internacional \u00cdtalo-Latino-americana (IILA) e o Minist\u00e9rio dos Neg\u00f3cios Estrangeiros e da Coopera\u00e7\u00e3o Internacional da It\u00e1lia (MAECI), est\u00e1 com inscri\u00e7\u00f5es abertas de 31 de maio a 30 de setembro de 2024.<\/p>\n<p>\ud83d\udcc5 Per\u00edodo de Inscri\u00e7\u00f5es: 31\/05\/2024 &#8211; 30\/09\/2024<\/p>\n<p>\ud83d\udcda \u00c1reas de Atua\u00e7\u00e3o:<\/p>\n<p>Agroalimentos e Tecnologias Alimentares<br \/>\nSustentabilidade Ambiental e Energias Renov\u00e1veis<br \/>\nCi\u00eancias da Vida e Biotecnologia<br \/>\nCi\u00eancias e Tecnologias Espaciais<br \/>\nConserva\u00e7\u00e3o, Tutela e Restaura\u00e7\u00e3o do Patrim\u00f4nio Cultural<\/p>\n<p>\ud83d\udca1 Benef\u00edcios:<\/p>\n<p>Bolsas de EUR 1.500,00 mensais para despesas de alimenta\u00e7\u00e3o e hospedagem<br \/>\nSeguro contra doen\u00e7as, acidentes e responsabilidade civil<br \/>\nDura\u00e7\u00e3o: 3 a 6 meses<br \/>\nEstada na It\u00e1lia at\u00e9 31\/01\/2026<\/p>\n<p>&nbsp;<\/p>\n<p>\ud83c\udf1f Requisitos:<\/p>\n<p>Ser cidad\u00e3o de um dos pa\u00edses latino-americanos membros da IILA<br \/>\nTer at\u00e9 35 anos (com acr\u00e9scimo de 1 ano por filho, at\u00e9 3 anos)<br \/>\nDiploma universit\u00e1rio e experi\u00eancia comprovada na \u00e1rea<br \/>\nProjeto de trabalho, pesquisa ou curso para ser realizado dentro do per\u00edodo da bolsa<br \/>\nCarta de aceita\u00e7\u00e3o da institui\u00e7\u00e3o receptora<br \/>\nEnvolvimento com institui\u00e7\u00f5es latino-americanas relacionadas ao tema da bolsa<br \/>\nConhecimento b\u00e1sico do italiano \u00e9 desej\u00e1vel<br \/>\n\ud83d\udccc Edital e Inscri\u00e7\u00f5es: <a href=\"https:\/\/iila.org\/it\/bando-borse-iila-maeci-dgcs-per-cittadini-latinoamericani-per-lanno-2025-scadenza-30-settembre-2024\">https:\/\/iila.org\/it\/bando-borse-iila-maeci-dgcs-per-cittadini-latinoamericani-per-lanno-2025-scadenza-30-settembre-2024<\/a><\/p>\n<p>N\u00f3s da UFPel International apenas fazemos a divulga\u00e7\u00e3o, duvidas encaminhar para: <a href=\"mailto:eventos@gcub.org.br\">eventos@gcub.org.br<\/a><\/p>\n","protected":false},"excerpt":{"rendered":"<p>Programa de Bolsas de Estudo IILA-MAECI 2025 Sauda\u00e7\u00f5es a todos! Estamos animados em compartilhar uma oportunidade incr\u00edvel para est\u00e1gios profissionais e p\u00f3s-gradua\u00e7\u00e3o na It\u00e1lia em 2025! O programa de bolsas de estudo, promovido pela Organiza\u00e7\u00e3o Internacional \u00cdtalo-Latino-americana (IILA) e o Minist\u00e9rio dos Neg\u00f3cios Estrangeiros e da Coopera\u00e7\u00e3o Internacional da It\u00e1lia (MAECI), est\u00e1 com inscri\u00e7\u00f5es abertas [&hellip;]<\/p>\n","protected":false},"author":290,"featured_media":2576,"comment_status":"closed","ping_status":"closed","sticky":false,"template":"","format":"standard","meta":{"_jetpack_memberships_contains_paid_content":false,"footnotes":""},"categories":[1],"tags":[],"class_list":{"0":"post-2575","1":"post","2":"type-post","3":"status-publish","4":"format-standard","5":"has-post-thumbnail","6":"hentry","7":"category-noticias","9":"post-with-thumbnail","10":"post-with-thumbnail-large"},"jetpack_featured_media_url":"https:\/\/wp.ufpel.edu.br\/international\/files\/2024\/05\/Copia-de-NOVO-LAYOUT-SITE-1-1.png","jetpack_sharing_enabled":true,"_links":{"self":[{"href":"https:\/\/wp.ufpel.edu.br\/international\/wp-json\/wp\/v2\/posts\/2575","targetHints":{"allow":["GET"]}}],"collection":[{"href":"https:\/\/wp.ufpel.edu.br\/international\/wp-json\/wp\/v2\/posts"}],"about":[{"href":"https:\/\/wp.ufpel.edu.br\/international\/wp-json\/wp\/v2\/types\/post"}],"author":[{"embeddable":true,"href":"https:\/\/wp.ufpel.edu.br\/international\/wp-json\/wp\/v2\/users\/290"}],"replies":[{"embeddable":true,"href":"https:\/\/wp.ufpel.edu.br\/international\/wp-json\/wp\/v2\/comments?post=2575"}],"version-history":[{"count":1,"href":"https:\/\/wp.ufpel.edu.br\/international\/wp-json\/wp\/v2\/posts\/2575\/revisions"}],"predecessor-version":[{"id":2577,"href":"https:\/\/wp.ufpel.edu.br\/international\/wp-json\/wp\/v2\/posts\/2575\/revisions\/2577"}],"wp:featuredmedia":[{"embeddable":true,"href":"https:\/\/wp.ufpel.edu.br\/international\/wp-json\/wp\/v2\/media\/2576"}],"wp:attachment":[{"href":"https:\/\/wp.ufpel.edu.br\/international\/wp-json\/wp\/v2\/media?parent=2575"}],"wp:term":[{"taxonomy":"category","embeddable":true,"href":"https:\/\/wp.ufpel.edu.br\/international\/wp-json\/wp\/v2\/categories?post=2575"},{"taxonomy":"post_tag","embeddable":true,"href":"https:\/\/wp.ufpel.edu.br\/international\/wp-json\/wp\/v2\/tags?post=2575"}],"curies":[{"name":"wp","href":"https:\/\/api.w.org\/{rel}","templated":true}]}}