{"id":2566,"date":"2024-05-14T14:06:53","date_gmt":"2024-05-14T17:06:53","guid":{"rendered":"https:\/\/wp.ufpel.edu.br\/international\/?p=2566"},"modified":"2024-05-14T18:10:14","modified_gmt":"2024-05-14T21:10:14","slug":"resultado-final-do-edital-no-06-2024","status":"publish","type":"post","link":"https:\/\/wp.ufpel.edu.br\/international\/2024\/05\/14\/resultado-final-do-edital-no-06-2024\/","title":{"rendered":"Resultado final do Edital n\u00ba. 06\/2024"},"content":{"rendered":"<p>A CRInter divulga o resultado final do Edital do Programa PILA<\/p>\n<p>Entraremos em contato com os selecionados para solicitarmos a documenta\u00e7\u00e3o complementar.<\/p>\n<p>&nbsp;<\/p>\n<p><strong><span style=\"font-size: 14pt;\">Universidad Nacional de Entre R\u00edos:<\/span><\/strong><\/p>\n<p><span data-sheets-root=\"1\" data-sheets-value=\"{&quot;1&quot;:2,&quot;2&quot;:&quot;Milena Brunetta&quot;}\" data-sheets-userformat=\"{&quot;2&quot;:513,&quot;3&quot;:{&quot;1&quot;:0},&quot;12&quot;:0}\">Milena Brunetta<\/span><\/p>\n<p>&nbsp;<\/p>\n<p><strong><span style=\"font-size: 14pt;\">Universidad Nacional de Las Artes:<\/span><\/strong><\/p>\n<p><span data-sheets-root=\"1\" data-sheets-value=\"{&quot;1&quot;:2,&quot;2&quot;:&quot;Nikole Ferreira dos Santos&quot;}\" data-sheets-userformat=\"{&quot;2&quot;:513,&quot;3&quot;:{&quot;1&quot;:0},&quot;12&quot;:0}\">Nikole Ferreira dos Santos<\/span><\/p>\n<p>Suplente 1: <span data-sheets-root=\"1\" data-sheets-value=\"{&quot;1&quot;:2,&quot;2&quot;:&quot;Roberta Locateli Ramirez&quot;}\" data-sheets-userformat=\"{&quot;2&quot;:513,&quot;3&quot;:{&quot;1&quot;:0},&quot;12&quot;:0}\">Roberta Locateli Ramirez<\/span><\/p>\n<p>Suplente 2: <span data-sheets-root=\"1\" data-sheets-value=\"{&quot;1&quot;:2,&quot;2&quot;:&quot;Guilherme Bandeira Machado&quot;}\" data-sheets-userformat=\"{&quot;2&quot;:513,&quot;3&quot;:{&quot;1&quot;:0},&quot;12&quot;:0}\">Guilherme Bandeira Machado<\/span><\/p>\n<p>&nbsp;<\/p>\n<p><span style=\"font-size: 14pt;\"><strong>Instituto Tecnol\u00f3gico de Queretaro:<\/strong><\/span><\/p>\n<p><span data-sheets-root=\"1\" data-sheets-value=\"{&quot;1&quot;:2,&quot;2&quot;:&quot;Julia da Cruz Lopes&quot;}\" data-sheets-userformat=\"{&quot;2&quot;:513,&quot;3&quot;:{&quot;1&quot;:0},&quot;12&quot;:0}\">Julia da Cruz Lopes<\/span><\/p>\n","protected":false},"excerpt":{"rendered":"<p>A CRInter divulga o resultado final do Edital do Programa PILA Entraremos em contato com os selecionados para solicitarmos a documenta\u00e7\u00e3o complementar. &nbsp; Universidad Nacional de Entre R\u00edos: Milena Brunetta &nbsp; Universidad Nacional de Las Artes: Nikole Ferreira dos Santos Suplente 1: Roberta Locateli Ramirez Suplente 2: Guilherme Bandeira Machado &nbsp; Instituto Tecnol\u00f3gico de Queretaro: [&hellip;]<\/p>\n","protected":false},"author":290,"featured_media":2572,"comment_status":"closed","ping_status":"closed","sticky":false,"template":"","format":"standard","meta":{"_jetpack_memberships_contains_paid_content":false,"footnotes":""},"categories":[1],"tags":[],"class_list":{"0":"post-2566","1":"post","2":"type-post","3":"status-publish","4":"format-standard","5":"has-post-thumbnail","6":"hentry","7":"category-noticias","9":"post-with-thumbnail","10":"post-with-thumbnail-large"},"jetpack_featured_media_url":"https:\/\/wp.ufpel.edu.br\/international\/files\/2024\/05\/Copia-de-NOVO-LAYOUT-SITE-1.png","jetpack_sharing_enabled":true,"_links":{"self":[{"href":"https:\/\/wp.ufpel.edu.br\/international\/wp-json\/wp\/v2\/posts\/2566","targetHints":{"allow":["GET"]}}],"collection":[{"href":"https:\/\/wp.ufpel.edu.br\/international\/wp-json\/wp\/v2\/posts"}],"about":[{"href":"https:\/\/wp.ufpel.edu.br\/international\/wp-json\/wp\/v2\/types\/post"}],"author":[{"embeddable":true,"href":"https:\/\/wp.ufpel.edu.br\/international\/wp-json\/wp\/v2\/users\/290"}],"replies":[{"embeddable":true,"href":"https:\/\/wp.ufpel.edu.br\/international\/wp-json\/wp\/v2\/comments?post=2566"}],"version-history":[{"count":4,"href":"https:\/\/wp.ufpel.edu.br\/international\/wp-json\/wp\/v2\/posts\/2566\/revisions"}],"predecessor-version":[{"id":2573,"href":"https:\/\/wp.ufpel.edu.br\/international\/wp-json\/wp\/v2\/posts\/2566\/revisions\/2573"}],"wp:featuredmedia":[{"embeddable":true,"href":"https:\/\/wp.ufpel.edu.br\/international\/wp-json\/wp\/v2\/media\/2572"}],"wp:attachment":[{"href":"https:\/\/wp.ufpel.edu.br\/international\/wp-json\/wp\/v2\/media?parent=2566"}],"wp:term":[{"taxonomy":"category","embeddable":true,"href":"https:\/\/wp.ufpel.edu.br\/international\/wp-json\/wp\/v2\/categories?post=2566"},{"taxonomy":"post_tag","embeddable":true,"href":"https:\/\/wp.ufpel.edu.br\/international\/wp-json\/wp\/v2\/tags?post=2566"}],"curies":[{"name":"wp","href":"https:\/\/api.w.org\/{rel}","templated":true}]}}