{"id":2333,"date":"2024-01-18T10:53:39","date_gmt":"2024-01-18T13:53:39","guid":{"rendered":"https:\/\/wp.ufpel.edu.br\/international\/?p=2333"},"modified":"2024-01-18T10:53:51","modified_gmt":"2024-01-18T13:53:51","slug":"2333","status":"publish","type":"post","link":"https:\/\/wp.ufpel.edu.br\/international\/2024\/01\/18\/2333\/","title":{"rendered":"Oferta de Bolsas de Estudos na Coreia do Sul"},"content":{"rendered":"<p>O Governo Metropolitano de Seul e a Universidade de Seul divulgaram processo seletivo para programa de bolsas de estudo para curso de Mestrado em Planejamento e Gest\u00e3o Urbana oferecido a servidores p\u00fablicos estrangeiros com cobertura integral de custos.<\/p>\n<p>&nbsp;<\/p>\n<p>Solicitamos a especial gentileza de divulgar amplamente ao p\u00fablico-alvo informado na Convocat\u00f3ria.<\/p>\n<p>Segue link onde se pode encontrar mais informa\u00e7\u00f5es acerca dos programas e bolsas oferecidas:\u00a0<a href=\"http:\/\/r.gcub.org.br\/mk\/cl\/f\/sh\/SMK1E8tHeFuBo0ut8IuwiICl81Mg\/2WEyXewsKarT\" target=\"_blank\" rel=\"noopener\" data-saferedirecturl=\"https:\/\/www.google.com\/url?q=http:\/\/r.gcub.org.br\/mk\/cl\/f\/sh\/SMK1E8tHeFuBo0ut8IuwiICl81Mg\/2WEyXewsKarT&amp;source=gmail&amp;ust=1705670869714000&amp;usg=AOvVaw3h2AL1bN916X53casnJO6a\">https:\/\/isus.uos.ac.kr\/<wbr \/>korNotice\/view.do?list_id=<wbr \/>50018CA1&amp;seq=99&amp;sort=1&amp;<wbr \/>pageIndex=1&amp;searchCnd=&amp;<wbr \/>searchWrd=&amp;viewAuth=Y&amp;wri&amp;<wbr \/>epTicket=LOG<\/a><\/p>\n<p>Informamos que eventuais d\u00favidas devem ser dirigidas diretamente \u00e0s universidades e institui\u00e7\u00f5es acad\u00eamicas sul coreanas.<\/p>\n<p>&nbsp;<\/p>\n<p><em>*A UFPel International apenas faz a publica\u00e7\u00e3o, n\u00e3o somos respons\u00e1veis pela sele\u00e7\u00e3o.<\/em><\/p>\n","protected":false},"excerpt":{"rendered":"<p>O Governo Metropolitano de Seul e a Universidade de Seul divulgaram processo seletivo para programa de bolsas de estudo para curso de Mestrado em Planejamento e Gest\u00e3o Urbana oferecido a servidores p\u00fablicos estrangeiros com cobertura integral de custos. &nbsp; Solicitamos a especial gentileza de divulgar amplamente ao p\u00fablico-alvo informado na Convocat\u00f3ria. Segue link onde se [&hellip;]<\/p>\n","protected":false},"author":290,"featured_media":2334,"comment_status":"closed","ping_status":"closed","sticky":false,"template":"","format":"standard","meta":{"_jetpack_memberships_contains_paid_content":false,"footnotes":""},"categories":[1],"tags":[],"class_list":{"0":"post-2333","1":"post","2":"type-post","3":"status-publish","4":"format-standard","5":"has-post-thumbnail","6":"hentry","7":"category-noticias","9":"post-with-thumbnail","10":"post-with-thumbnail-large"},"jetpack_featured_media_url":"https:\/\/wp.ufpel.edu.br\/international\/files\/2024\/01\/NOVO-LAYOUT-SITE-4.png","jetpack_sharing_enabled":true,"_links":{"self":[{"href":"https:\/\/wp.ufpel.edu.br\/international\/wp-json\/wp\/v2\/posts\/2333","targetHints":{"allow":["GET"]}}],"collection":[{"href":"https:\/\/wp.ufpel.edu.br\/international\/wp-json\/wp\/v2\/posts"}],"about":[{"href":"https:\/\/wp.ufpel.edu.br\/international\/wp-json\/wp\/v2\/types\/post"}],"author":[{"embeddable":true,"href":"https:\/\/wp.ufpel.edu.br\/international\/wp-json\/wp\/v2\/users\/290"}],"replies":[{"embeddable":true,"href":"https:\/\/wp.ufpel.edu.br\/international\/wp-json\/wp\/v2\/comments?post=2333"}],"version-history":[{"count":2,"href":"https:\/\/wp.ufpel.edu.br\/international\/wp-json\/wp\/v2\/posts\/2333\/revisions"}],"predecessor-version":[{"id":2336,"href":"https:\/\/wp.ufpel.edu.br\/international\/wp-json\/wp\/v2\/posts\/2333\/revisions\/2336"}],"wp:featuredmedia":[{"embeddable":true,"href":"https:\/\/wp.ufpel.edu.br\/international\/wp-json\/wp\/v2\/media\/2334"}],"wp:attachment":[{"href":"https:\/\/wp.ufpel.edu.br\/international\/wp-json\/wp\/v2\/media?parent=2333"}],"wp:term":[{"taxonomy":"category","embeddable":true,"href":"https:\/\/wp.ufpel.edu.br\/international\/wp-json\/wp\/v2\/categories?post=2333"},{"taxonomy":"post_tag","embeddable":true,"href":"https:\/\/wp.ufpel.edu.br\/international\/wp-json\/wp\/v2\/tags?post=2333"}],"curies":[{"name":"wp","href":"https:\/\/api.w.org\/{rel}","templated":true}]}}