{"id":2284,"date":"2023-11-28T11:12:16","date_gmt":"2023-11-28T14:12:16","guid":{"rendered":"https:\/\/wp.ufpel.edu.br\/international\/?p=2284"},"modified":"2023-11-28T11:12:48","modified_gmt":"2023-11-28T14:12:48","slug":"ufpel-global-levantamente-sobre-a-internacionalizacao-na-ufpel-ja-se-encontra-disponivel-para-responder","status":"publish","type":"post","link":"https:\/\/wp.ufpel.edu.br\/international\/2023\/11\/28\/ufpel-global-levantamente-sobre-a-internacionalizacao-na-ufpel-ja-se-encontra-disponivel-para-responder\/","title":{"rendered":"UFPel Global | Levantamente sobre a Internacionaliza\u00e7\u00e3o na UFPel j\u00e1 se encontra dispon\u00edvel para responder"},"content":{"rendered":"<p>Estamos conduzindo uma pesquisa sobre o processo de Internacionaliza\u00e7\u00e3o na UFPel. O levantamento \u00e9 uma colabora\u00e7\u00e3o entre a Coordena\u00e7\u00e3o de Rela\u00e7\u00f5es Internacionais\/Inova e a PROPLAN. O objetivo \u00e9 coletar informa\u00e7\u00f5es sobre a compreens\u00e3o das pol\u00edticas de internacionaliza\u00e7\u00e3o na universidade, bem como o interesse nas iniciativas e fornecer informa\u00e7\u00f5es sobre as atividades internacionais realizadas na institui\u00e7\u00e3o. A campanha ter\u00e1 in\u00edcio durante a SIIEPE e continuar\u00e1 nos pr\u00f3ximos meses. A pesquisa est\u00e1 aberta a participa\u00e7\u00e3o de todos na comunidade da UFPel, inclusive pessoas externas \u00e0 universidade. Para responder, basta acessar o seguinte <a href=\"https:\/\/l.ufpel.edu.br\/Global\">clicar aqui<\/a><\/p>\n<p>&nbsp;<\/p>\n","protected":false},"excerpt":{"rendered":"<p>Estamos conduzindo uma pesquisa sobre o processo de Internacionaliza\u00e7\u00e3o na UFPel. O levantamento \u00e9 uma colabora\u00e7\u00e3o entre a Coordena\u00e7\u00e3o de Rela\u00e7\u00f5es Internacionais\/Inova e a PROPLAN. O objetivo \u00e9 coletar informa\u00e7\u00f5es sobre a compreens\u00e3o das pol\u00edticas de internacionaliza\u00e7\u00e3o na universidade, bem como o interesse nas iniciativas e fornecer informa\u00e7\u00f5es sobre as atividades internacionais realizadas na institui\u00e7\u00e3o. [&hellip;]<\/p>\n","protected":false},"author":290,"featured_media":2286,"comment_status":"closed","ping_status":"closed","sticky":false,"template":"","format":"standard","meta":{"_jetpack_memberships_contains_paid_content":false,"footnotes":""},"categories":[1],"tags":[],"class_list":{"0":"post-2284","1":"post","2":"type-post","3":"status-publish","4":"format-standard","5":"has-post-thumbnail","6":"hentry","7":"category-noticias","9":"post-with-thumbnail","10":"post-with-thumbnail-large"},"jetpack_featured_media_url":"https:\/\/wp.ufpel.edu.br\/international\/files\/2023\/11\/SAVE-THE-DATE-4a.-EDICAO-HIBRIDA-DO-WORKSHOP-EM-EMI-0408-1008-e-1108-1-2.png","jetpack_sharing_enabled":true,"_links":{"self":[{"href":"https:\/\/wp.ufpel.edu.br\/international\/wp-json\/wp\/v2\/posts\/2284","targetHints":{"allow":["GET"]}}],"collection":[{"href":"https:\/\/wp.ufpel.edu.br\/international\/wp-json\/wp\/v2\/posts"}],"about":[{"href":"https:\/\/wp.ufpel.edu.br\/international\/wp-json\/wp\/v2\/types\/post"}],"author":[{"embeddable":true,"href":"https:\/\/wp.ufpel.edu.br\/international\/wp-json\/wp\/v2\/users\/290"}],"replies":[{"embeddable":true,"href":"https:\/\/wp.ufpel.edu.br\/international\/wp-json\/wp\/v2\/comments?post=2284"}],"version-history":[{"count":1,"href":"https:\/\/wp.ufpel.edu.br\/international\/wp-json\/wp\/v2\/posts\/2284\/revisions"}],"predecessor-version":[{"id":2287,"href":"https:\/\/wp.ufpel.edu.br\/international\/wp-json\/wp\/v2\/posts\/2284\/revisions\/2287"}],"wp:featuredmedia":[{"embeddable":true,"href":"https:\/\/wp.ufpel.edu.br\/international\/wp-json\/wp\/v2\/media\/2286"}],"wp:attachment":[{"href":"https:\/\/wp.ufpel.edu.br\/international\/wp-json\/wp\/v2\/media?parent=2284"}],"wp:term":[{"taxonomy":"category","embeddable":true,"href":"https:\/\/wp.ufpel.edu.br\/international\/wp-json\/wp\/v2\/categories?post=2284"},{"taxonomy":"post_tag","embeddable":true,"href":"https:\/\/wp.ufpel.edu.br\/international\/wp-json\/wp\/v2\/tags?post=2284"}],"curies":[{"name":"wp","href":"https:\/\/api.w.org\/{rel}","templated":true}]}}