{"id":2257,"date":"2023-11-01T17:42:43","date_gmt":"2023-11-01T20:42:43","guid":{"rendered":"https:\/\/wp.ufpel.edu.br\/international\/?p=2257"},"modified":"2023-11-01T17:42:43","modified_gmt":"2023-11-01T20:42:43","slug":"edital-15-2023-amigo-universitario-resultado","status":"publish","type":"post","link":"https:\/\/wp.ufpel.edu.br\/international\/2023\/11\/01\/edital-15-2023-amigo-universitario-resultado\/","title":{"rendered":"Edital 15\/2023 \u2013 Amigo Universit\u00e1rio &#8211; RESULTADO"},"content":{"rendered":"<p>A Coordena\u00e7\u00e3o de Rela\u00e7\u00f5es Internacionais (CRInter) da Universidade Federal de Pelotas (UFPel), no uso de suas atribui\u00e7\u00f5es legais e de acordo com o Planejamento Estrat\u00e9gico de Internacionaliza\u00e7\u00e3o e a Pol\u00edtica Lingu\u00edstica da UFPel aprovadas pelas resolu\u00e7\u00f5es 06\/2018 e 01\/2020 do COCEPE, torna p\u00fablico o RESULTADO da sele\u00e7\u00e3o de candidatos \u00e0 vaga no Projeto <em>Amigo Universit\u00e1rio<\/em>.<\/p>\n<p>SELECIONADA<\/p>\n<p>Mint Bolzan<\/p>\n","protected":false},"excerpt":{"rendered":"<p>A Coordena\u00e7\u00e3o de Rela\u00e7\u00f5es Internacionais (CRInter) da Universidade Federal de Pelotas (UFPel), no uso de suas atribui\u00e7\u00f5es legais e de acordo com o Planejamento Estrat\u00e9gico de Internacionaliza\u00e7\u00e3o e a Pol\u00edtica Lingu\u00edstica da UFPel aprovadas pelas resolu\u00e7\u00f5es 06\/2018 e 01\/2020 do COCEPE, torna p\u00fablico o RESULTADO da sele\u00e7\u00e3o de candidatos \u00e0 vaga no Projeto Amigo Universit\u00e1rio. [&hellip;]<\/p>\n","protected":false},"author":290,"featured_media":2258,"comment_status":"closed","ping_status":"closed","sticky":false,"template":"","format":"standard","meta":{"_jetpack_memberships_contains_paid_content":false,"footnotes":""},"categories":[1],"tags":[],"class_list":{"0":"post-2257","1":"post","2":"type-post","3":"status-publish","4":"format-standard","5":"has-post-thumbnail","6":"hentry","7":"category-noticias","9":"post-with-thumbnail","10":"post-with-thumbnail-large"},"jetpack_featured_media_url":"https:\/\/wp.ufpel.edu.br\/international\/files\/2023\/11\/SAVE-THE-DATE-4a.-EDICAO-HIBRIDA-DO-WORKSHOP-EM-EMI-0408-1008-e-1108-.png","jetpack_sharing_enabled":true,"_links":{"self":[{"href":"https:\/\/wp.ufpel.edu.br\/international\/wp-json\/wp\/v2\/posts\/2257","targetHints":{"allow":["GET"]}}],"collection":[{"href":"https:\/\/wp.ufpel.edu.br\/international\/wp-json\/wp\/v2\/posts"}],"about":[{"href":"https:\/\/wp.ufpel.edu.br\/international\/wp-json\/wp\/v2\/types\/post"}],"author":[{"embeddable":true,"href":"https:\/\/wp.ufpel.edu.br\/international\/wp-json\/wp\/v2\/users\/290"}],"replies":[{"embeddable":true,"href":"https:\/\/wp.ufpel.edu.br\/international\/wp-json\/wp\/v2\/comments?post=2257"}],"version-history":[{"count":1,"href":"https:\/\/wp.ufpel.edu.br\/international\/wp-json\/wp\/v2\/posts\/2257\/revisions"}],"predecessor-version":[{"id":2259,"href":"https:\/\/wp.ufpel.edu.br\/international\/wp-json\/wp\/v2\/posts\/2257\/revisions\/2259"}],"wp:featuredmedia":[{"embeddable":true,"href":"https:\/\/wp.ufpel.edu.br\/international\/wp-json\/wp\/v2\/media\/2258"}],"wp:attachment":[{"href":"https:\/\/wp.ufpel.edu.br\/international\/wp-json\/wp\/v2\/media?parent=2257"}],"wp:term":[{"taxonomy":"category","embeddable":true,"href":"https:\/\/wp.ufpel.edu.br\/international\/wp-json\/wp\/v2\/categories?post=2257"},{"taxonomy":"post_tag","embeddable":true,"href":"https:\/\/wp.ufpel.edu.br\/international\/wp-json\/wp\/v2\/tags?post=2257"}],"curies":[{"name":"wp","href":"https:\/\/api.w.org\/{rel}","templated":true}]}}