{"id":2241,"date":"2023-10-13T14:02:52","date_gmt":"2023-10-13T17:02:52","guid":{"rendered":"https:\/\/wp.ufpel.edu.br\/international\/?p=2241"},"modified":"2023-10-13T14:02:52","modified_gmt":"2023-10-13T17:02:52","slug":"selecionados-edital-13-e-14-programa-bramex","status":"publish","type":"post","link":"https:\/\/wp.ufpel.edu.br\/international\/2023\/10\/13\/selecionados-edital-13-e-14-programa-bramex\/","title":{"rendered":"Selecionados Edital 13 e 14 (Programa BRAMEX)"},"content":{"rendered":"<p>A CRInter informa que todas as inscri\u00e7\u00f5es foram homologadas e consideradas para a sele\u00e7\u00e3o, que se deu conforme classifica\u00e7\u00e3o abaixo:<\/p>\n<p>ATEN\u00c7\u00c3O 1: Estudantes selecionados para a Universidad Aut\u00f3noma de Guerrero ser\u00e3o contactados ainda hoje para que providenciem documenta\u00e7\u00e3o para que seja enviada \u00e0 universidade estrangeira.<\/p>\n<p>ATEN\u00c7\u00c3O 2: Os estudantes selecionados de GRADUA\u00c7\u00c3O e respectivos suplentes ficam CONVOCADOS para reuni\u00e3o <strong>virtual<\/strong> com CRInter, agendada para o dia 16\/10 \u00e0s 10h. A reuni\u00e3o ser\u00e1 realizada atrav\u00e9s do seguinte link: <a href=\"https:\/\/webconf.ufpel.edu.br\/b\/ane-mh6-s1e-eds\" target=\"_new\" rel=\"noopener\">https:\/\/webconf.ufpel.edu.br\/b\/ane-mh6-s1e-eds<\/a><\/p>\n<p>ATEN\u00c7\u00c3O 3: Estudantes selecionados de P\u00d3S-GRADUA\u00c7\u00c3O para a Universidade Autonoma de Sinaloa ser\u00e3o contactados a partir da semana que vem.<\/p>\n<p>&nbsp;<\/p>\n<p><span style=\"font-size: 14pt;\"><strong>GRADUA\u00c7\u00c3O:<\/strong><\/span><\/p>\n<p><strong>Universidad Aut\u00f3noma de Guerrero<\/strong><\/p>\n<p>1\u00ba &#8211; Vicente Pedro da Silva Neto<\/p>\n<p>2\u00ba &#8211; Gustavo Raffi Rickes<\/p>\n<p>3\u00ba &#8211; Brunna Pereira de Oliveira<\/p>\n<p>Suplente: <span data-sheets-value=\"{&quot;1&quot;:2,&quot;2&quot;:&quot;Rithiele Gon\u00e7alves Araujo&quot;}\" data-sheets-userformat=\"{&quot;2&quot;:4224,&quot;10&quot;:2,&quot;15&quot;:&quot;Arial&quot;}\">Rithiele Gon\u00e7alves Araujo<\/span><\/p>\n<p>&nbsp;<\/p>\n<p><strong>Universidad Polit\u00e9cnica de Tulancingo<\/strong><\/p>\n<p><span data-sheets-value=\"{&quot;1&quot;:2,&quot;2&quot;:&quot;Rafaela Kosbi Costa&quot;}\" data-sheets-userformat=\"{&quot;2&quot;:4226,&quot;4&quot;:{&quot;1&quot;:2,&quot;2&quot;:14281427},&quot;10&quot;:2,&quot;15&quot;:&quot;Arial&quot;}\">1\u00ba &#8211; Rafaela Kosbi Costa<\/span><\/p>\n<p>Suplente: <span data-sheets-value=\"{&quot;1&quot;:2,&quot;2&quot;:&quot;Mailise Medeiros Lemos &quot;}\" data-sheets-userformat=\"{&quot;2&quot;:4224,&quot;10&quot;:2,&quot;15&quot;:&quot;Arial&quot;}\">Mailise Medeiros Lemos <\/span><\/p>\n<p>&nbsp;<\/p>\n<p><strong>Universidad Aut\u00f3noma del Estado de Quintana Roo<\/strong><\/p>\n<p><span data-sheets-value=\"{&quot;1&quot;:2,&quot;2&quot;:&quot;Rafaela Kosbi Costa&quot;}\" data-sheets-userformat=\"{&quot;2&quot;:4226,&quot;4&quot;:{&quot;1&quot;:2,&quot;2&quot;:14281427},&quot;10&quot;:2,&quot;15&quot;:&quot;Arial&quot;}\">1\u00ba &#8211; Juliana Jabbar Peter<\/span><\/p>\n<p>Suplente: Aline Barreto Nascimento<\/p>\n<p>&nbsp;<\/p>\n<p><strong><span style=\"font-size: 14pt;\">P\u00d3S-GRADUA\u00c7\u00c3O<\/span><\/strong><\/p>\n<p><strong>Universidad Aut\u00f3noma de Guerrero<\/strong><\/p>\n<p>1\u00ba &#8211; <span data-sheets-value=\"{&quot;1&quot;:2,&quot;2&quot;:&quot;Nad\u00e1lin Yandra Botton&quot;}\" data-sheets-userformat=\"{&quot;2&quot;:4224,&quot;10&quot;:2,&quot;15&quot;:&quot;Arial&quot;}\">Nad\u00e1lin Yandra Botton<\/span><\/p>\n<p>2\u00ba &#8211; <span data-sheets-value=\"{&quot;1&quot;:2,&quot;2&quot;:&quot;Nyelson da Silva Nonato&quot;}\" data-sheets-userformat=\"{&quot;2&quot;:4224,&quot;10&quot;:2,&quot;15&quot;:&quot;Arial&quot;}\">Nyelson da Silva Nonato<\/span><\/p>\n<p>Suplente: <span data-sheets-value=\"{&quot;1&quot;:2,&quot;2&quot;:&quot;Jennifer Paola Pisso Concha&quot;}\" data-sheets-userformat=\"{&quot;2&quot;:4224,&quot;10&quot;:2,&quot;15&quot;:&quot;Arial&quot;}\">Jennifer Paola Pisso Concha<\/span><\/p>\n<p>&nbsp;<\/p>\n<p><strong>Universidad Aut\u00f3noma de Sinaloa<\/strong><\/p>\n<p>1\u00ba &#8211; <span data-sheets-value=\"{&quot;1&quot;:2,&quot;2&quot;:&quot;Julia Rocha Clasen&quot;}\" data-sheets-userformat=\"{&quot;2&quot;:4224,&quot;10&quot;:2,&quot;15&quot;:&quot;Arial&quot;}\">Julia Rocha Clasen<\/span><\/p>\n<p>Suplente: <span data-sheets-value=\"{&quot;1&quot;:2,&quot;2&quot;:&quot;Matheus Iuri Fr\u00fchauf&quot;}\" data-sheets-userformat=\"{&quot;2&quot;:4224,&quot;10&quot;:2,&quot;15&quot;:&quot;Arial&quot;}\">Matheus Iuri Fr\u00fchauf<\/span><\/p>\n","protected":false},"excerpt":{"rendered":"<p>A CRInter informa que todas as inscri\u00e7\u00f5es foram homologadas e consideradas para a sele\u00e7\u00e3o, que se deu conforme classifica\u00e7\u00e3o abaixo: ATEN\u00c7\u00c3O 1: Estudantes selecionados para a Universidad Aut\u00f3noma de Guerrero ser\u00e3o contactados ainda hoje para que providenciem documenta\u00e7\u00e3o para que seja enviada \u00e0 universidade estrangeira. ATEN\u00c7\u00c3O 2: Os estudantes selecionados de GRADUA\u00c7\u00c3O e respectivos suplentes [&hellip;]<\/p>\n","protected":false},"author":290,"featured_media":0,"comment_status":"closed","ping_status":"closed","sticky":false,"template":"","format":"standard","meta":{"_jetpack_memberships_contains_paid_content":false,"footnotes":""},"categories":[1],"tags":[],"class_list":["post-2241","post","type-post","status-publish","format-standard","hentry","category-noticias"],"jetpack_featured_media_url":"","jetpack_sharing_enabled":true,"_links":{"self":[{"href":"https:\/\/wp.ufpel.edu.br\/international\/wp-json\/wp\/v2\/posts\/2241","targetHints":{"allow":["GET"]}}],"collection":[{"href":"https:\/\/wp.ufpel.edu.br\/international\/wp-json\/wp\/v2\/posts"}],"about":[{"href":"https:\/\/wp.ufpel.edu.br\/international\/wp-json\/wp\/v2\/types\/post"}],"author":[{"embeddable":true,"href":"https:\/\/wp.ufpel.edu.br\/international\/wp-json\/wp\/v2\/users\/290"}],"replies":[{"embeddable":true,"href":"https:\/\/wp.ufpel.edu.br\/international\/wp-json\/wp\/v2\/comments?post=2241"}],"version-history":[{"count":1,"href":"https:\/\/wp.ufpel.edu.br\/international\/wp-json\/wp\/v2\/posts\/2241\/revisions"}],"predecessor-version":[{"id":2242,"href":"https:\/\/wp.ufpel.edu.br\/international\/wp-json\/wp\/v2\/posts\/2241\/revisions\/2242"}],"wp:attachment":[{"href":"https:\/\/wp.ufpel.edu.br\/international\/wp-json\/wp\/v2\/media?parent=2241"}],"wp:term":[{"taxonomy":"category","embeddable":true,"href":"https:\/\/wp.ufpel.edu.br\/international\/wp-json\/wp\/v2\/categories?post=2241"},{"taxonomy":"post_tag","embeddable":true,"href":"https:\/\/wp.ufpel.edu.br\/international\/wp-json\/wp\/v2\/tags?post=2241"}],"curies":[{"name":"wp","href":"https:\/\/api.w.org\/{rel}","templated":true}]}}