{"id":1965,"date":"2023-08-22T15:36:51","date_gmt":"2023-08-22T18:36:51","guid":{"rendered":"https:\/\/wp.ufpel.edu.br\/international\/?p=1965"},"modified":"2023-08-22T15:41:22","modified_gmt":"2023-08-22T18:41:22","slug":"evento-de-internacionalizacao-contara-com-professores-da-italia-e-do-japao","status":"publish","type":"post","link":"https:\/\/wp.ufpel.edu.br\/international\/2023\/08\/22\/evento-de-internacionalizacao-contara-com-professores-da-italia-e-do-japao\/","title":{"rendered":"Evento de Internacionaliza\u00e7\u00e3o contar\u00e1 com Professores da It\u00e1lia e do Jap\u00e3o"},"content":{"rendered":"<p><span style=\"color: #ff0000; font-size: 10pt;\">*a UFPel International faz apenas a divulga\u00e7\u00e3o da oportunidade, qualquer d\u00favida deve ser encaminhada diretamente ao organizador do edital.<\/span><\/p>\n<p style=\"text-align: justify;\">O Programa de P\u00f3s-Gradua\u00e7\u00e3o em Qu\u00edmica (PPGQ) estar\u00e1 recebendo no final de agosto e in\u00edcio de setembro a visita de dois professores estrangeiros. Prof. Claudio Santi, da Universit\u00e0 degli Studi di Perugia (It\u00e1lia) e o Prof. Michio Iwaoka, da Universidade Tokai (Jap\u00e3o).<\/p>\n<div><\/div>\n<p style=\"text-align: justify;\">Na semana entre 28\/08 e 1\u00ba\/09 o Prof. Santi ministrar\u00e1 a disciplina T\u00f3picos Especiais em Qu\u00edmica Org\u00e2nica (2 cr\u00e9ditos), abordando t\u00e9cnicas avan\u00e7adas de resson\u00e2ncia magn\u00e9tica nuclear (RMN) para alunos do PPGQ e de outros cursos afins (os interessados devem enviar e-mail para\u00a0<a href=\"mailto:ppgq.ufpel@hotmail.com\" target=\"_blank\" rel=\"noopener\">ppgq.ufpel@hotmail.com<\/a>).<\/p>\n<p style=\"text-align: justify;\">Al\u00e9m disso, no dia 05 de setembro, ter\u00e7a-feira, a partir das 13h30 no Audit\u00f3rio da Metereologia &#8211; Campus do Cap\u00e3o, os dois professores participar\u00e3o do evento \u201cInternacionaliza\u00e7\u00e3o do PPGQ-UFPel: mobilidade acad\u00eamica Brasil-It\u00e1lia e Brasil-Jap\u00e3o\u201d. Na primeira parte do evento, os professores Santi e Iwaoka apresentar\u00e3o os resultados mais recentes de suas pesquisas com mol\u00e9culas contendo sel\u00eanio (s\u00edntese e bioqu\u00edmica). Na segunda parte, ser\u00e1 realizada uma mesa redonda para discutir as oportunidades de mobilidade de estudantes e pesquisadores na It\u00e1lia e no Jap\u00e3o. Os interessados devem contatar a secretaria do PPGQ pelo e-mail <a href=\"mailto:ppgq.ufpel@hotmail.com\">ppgq.ufpel@hotmail.com\u00a0<\/a><\/p>\n<p style=\"text-align: justify;\">O Prof. Iwaoka participar\u00e1, ainda na UFPel, da cerim\u00f4nia de assinatura do Acordo de Interc\u00e2mbio Acad\u00eamico entre o Instituto de Bioci\u00eancias Avan\u00e7adas da U. Tokai e a UFPel.<\/p>\n<div style=\"text-align: justify;\"><\/div>\n<div style=\"text-align: justify;\"><b>Cronograma (05\/09\/2023) &#8211; Internacionaliza\u00e7\u00e3o do PPGQ<\/b><\/div>\n<div><\/div>\n<div style=\"text-align: justify;\">13:30 h &#8211; Prof. M\u00e1rcio S. Silva &#8211; PPGQ<\/div>\n<div style=\"text-align: justify;\">14:00 h &#8211; Prof. Claudio Santi &#8211; UniPG (It\u00e1lia)<\/div>\n<div style=\"text-align: justify;\">15:00 h &#8211; Prof. Michio Iwaoka &#8211; Tokai University\u00a0 (Jap\u00e3o)<\/div>\n<div style=\"text-align: justify;\">16:00 h &#8211; Coffeebreak<\/div>\n<div style=\"text-align: justify;\">16:30 h &#8211; Mesa redonda &#8211; Intera\u00e7\u00e3o e oportunidades Brasil-It\u00e1lia-Jap\u00e3o.<\/div>\n<div style=\"text-align: justify;\">17:30 h &#8211; Encerramento<\/div>\n","protected":false},"excerpt":{"rendered":"<p>*a UFPel International faz apenas a divulga\u00e7\u00e3o da oportunidade, qualquer d\u00favida deve ser encaminhada diretamente ao organizador do edital. O Programa de P\u00f3s-Gradua\u00e7\u00e3o em Qu\u00edmica (PPGQ) estar\u00e1 recebendo no final de agosto e in\u00edcio de setembro a visita de dois professores estrangeiros. Prof. Claudio Santi, da Universit\u00e0 degli Studi di Perugia (It\u00e1lia) e o Prof. [&hellip;]<\/p>\n","protected":false},"author":290,"featured_media":1964,"comment_status":"closed","ping_status":"closed","sticky":false,"template":"","format":"standard","meta":{"_jetpack_memberships_contains_paid_content":false,"footnotes":""},"categories":[1],"tags":[],"class_list":{"0":"post-1965","1":"post","2":"type-post","3":"status-publish","4":"format-standard","5":"has-post-thumbnail","6":"hentry","7":"category-noticias","9":"post-with-thumbnail","10":"post-with-thumbnail-large"},"jetpack_featured_media_url":"https:\/\/wp.ufpel.edu.br\/international\/files\/2023\/08\/EVENTO-DE-INTERNACIONALIZACAO-CONTARA-COM-PROFESSORES-DA-ITALIA-E-JAPAO-1.png","jetpack_sharing_enabled":true,"_links":{"self":[{"href":"https:\/\/wp.ufpel.edu.br\/international\/wp-json\/wp\/v2\/posts\/1965","targetHints":{"allow":["GET"]}}],"collection":[{"href":"https:\/\/wp.ufpel.edu.br\/international\/wp-json\/wp\/v2\/posts"}],"about":[{"href":"https:\/\/wp.ufpel.edu.br\/international\/wp-json\/wp\/v2\/types\/post"}],"author":[{"embeddable":true,"href":"https:\/\/wp.ufpel.edu.br\/international\/wp-json\/wp\/v2\/users\/290"}],"replies":[{"embeddable":true,"href":"https:\/\/wp.ufpel.edu.br\/international\/wp-json\/wp\/v2\/comments?post=1965"}],"version-history":[{"count":5,"href":"https:\/\/wp.ufpel.edu.br\/international\/wp-json\/wp\/v2\/posts\/1965\/revisions"}],"predecessor-version":[{"id":1970,"href":"https:\/\/wp.ufpel.edu.br\/international\/wp-json\/wp\/v2\/posts\/1965\/revisions\/1970"}],"wp:featuredmedia":[{"embeddable":true,"href":"https:\/\/wp.ufpel.edu.br\/international\/wp-json\/wp\/v2\/media\/1964"}],"wp:attachment":[{"href":"https:\/\/wp.ufpel.edu.br\/international\/wp-json\/wp\/v2\/media?parent=1965"}],"wp:term":[{"taxonomy":"category","embeddable":true,"href":"https:\/\/wp.ufpel.edu.br\/international\/wp-json\/wp\/v2\/categories?post=1965"},{"taxonomy":"post_tag","embeddable":true,"href":"https:\/\/wp.ufpel.edu.br\/international\/wp-json\/wp\/v2\/tags?post=1965"}],"curies":[{"name":"wp","href":"https:\/\/api.w.org\/{rel}","templated":true}]}}