{"id":1588,"date":"2023-05-04T18:03:21","date_gmt":"2023-05-04T21:03:21","guid":{"rendered":"https:\/\/wp.ufpel.edu.br\/international\/?p=1588"},"modified":"2023-05-04T18:03:21","modified_gmt":"2023-05-04T21:03:21","slug":"candidaturas-abertas-para-o-premio-cientifico-mario-quartin-graca","status":"publish","type":"post","link":"https:\/\/wp.ufpel.edu.br\/international\/2023\/05\/04\/candidaturas-abertas-para-o-premio-cientifico-mario-quartin-graca\/","title":{"rendered":"Candidaturas abertas para o Pr\u00eamio Cient\u00edfico M\u00e1rio Quartin Gra\u00e7a"},"content":{"rendered":"<p style=\"text-align: justify;\">O Pr\u00eamio Cient\u00edfico M\u00e1rio Quartin Gra\u00e7a, institu\u00eddo pela Casa da Am\u00e9rica Latina e pela Cunha&amp;Vaz Associados, est\u00e1 com as candidaturas abertas at\u00e9 o dia 31 de maio de 2023. A iniciativa visa distinguir a melhor disserta\u00e7\u00e3o de Doutoramento em Ci\u00eancias Sociais e Humanas de um estudante que tenha conclu\u00eddo o 3 \u00b0 ciclo numa universidade Ib\u00e9rica, Latino-Americana, ou dos Estados Unidos da Am\u00e9rica.<\/p>\n<p style=\"text-align: justify;\">O objetivo \u00e9 estimular e reconhecer a forma\u00e7\u00e3o de estudantes portugueses e latino-americanos em temas de qualquer natureza de interesse m\u00fatuo para Portugal e a Am\u00e9rica Latina ou que constituam uma contribui\u00e7\u00e3o de estudantes portugueses para assuntos referentes \u00e0 Am\u00e9rica Latina e de estudantes latino-americanos para assuntos referentes a Portugal.<\/p>\n<p style=\"text-align: justify;\">O Pr\u00eamio contempla tese de doutoramento na \u00e1rea de Ci\u00eancias Sociais e Humanas e tem um valor pecuni\u00e1rio de 5.000 (cinco mil euros).<\/p>\n<p style=\"text-align: justify;\">O regulamento e o formul\u00e1rio podem ser consultados <a href=\"https:\/\/casamericalatina.pt\/premios\/premio-cientifico\/\">aqui\u00a0<\/a><\/p>\n<p><span style=\"font-size: 10pt; color: #ff6600;\">*a UFPel International faz apenas a divulga\u00e7\u00e3o da oportunidade, qualquer d\u00favida deve ser encaminhada diretamente ao organizador do edital.<\/span><\/p>\n","protected":false},"excerpt":{"rendered":"<p>O Pr\u00eamio Cient\u00edfico M\u00e1rio Quartin Gra\u00e7a, institu\u00eddo pela Casa da Am\u00e9rica Latina e pela Cunha&amp;Vaz Associados, est\u00e1 com as candidaturas abertas at\u00e9 o dia 31 de maio de 2023. A iniciativa visa distinguir a melhor disserta\u00e7\u00e3o de Doutoramento em Ci\u00eancias Sociais e Humanas de um estudante que tenha conclu\u00eddo o 3 \u00b0 ciclo numa universidade [&hellip;]<\/p>\n","protected":false},"author":290,"featured_media":1589,"comment_status":"closed","ping_status":"closed","sticky":false,"template":"","format":"standard","meta":{"_jetpack_memberships_contains_paid_content":false,"footnotes":""},"categories":[1],"tags":[],"class_list":{"0":"post-1588","1":"post","2":"type-post","3":"status-publish","4":"format-standard","5":"has-post-thumbnail","6":"hentry","7":"category-noticias","9":"post-with-thumbnail","10":"post-with-thumbnail-large"},"jetpack_featured_media_url":"https:\/\/wp.ufpel.edu.br\/international\/files\/2023\/05\/CANDIDATURAS-ABERTAS-PARA-O-PREMIO-CIENTIFICO-MARIO-QUARTIN-GRACA.png","jetpack_sharing_enabled":true,"_links":{"self":[{"href":"https:\/\/wp.ufpel.edu.br\/international\/wp-json\/wp\/v2\/posts\/1588","targetHints":{"allow":["GET"]}}],"collection":[{"href":"https:\/\/wp.ufpel.edu.br\/international\/wp-json\/wp\/v2\/posts"}],"about":[{"href":"https:\/\/wp.ufpel.edu.br\/international\/wp-json\/wp\/v2\/types\/post"}],"author":[{"embeddable":true,"href":"https:\/\/wp.ufpel.edu.br\/international\/wp-json\/wp\/v2\/users\/290"}],"replies":[{"embeddable":true,"href":"https:\/\/wp.ufpel.edu.br\/international\/wp-json\/wp\/v2\/comments?post=1588"}],"version-history":[{"count":1,"href":"https:\/\/wp.ufpel.edu.br\/international\/wp-json\/wp\/v2\/posts\/1588\/revisions"}],"predecessor-version":[{"id":1590,"href":"https:\/\/wp.ufpel.edu.br\/international\/wp-json\/wp\/v2\/posts\/1588\/revisions\/1590"}],"wp:featuredmedia":[{"embeddable":true,"href":"https:\/\/wp.ufpel.edu.br\/international\/wp-json\/wp\/v2\/media\/1589"}],"wp:attachment":[{"href":"https:\/\/wp.ufpel.edu.br\/international\/wp-json\/wp\/v2\/media?parent=1588"}],"wp:term":[{"taxonomy":"category","embeddable":true,"href":"https:\/\/wp.ufpel.edu.br\/international\/wp-json\/wp\/v2\/categories?post=1588"},{"taxonomy":"post_tag","embeddable":true,"href":"https:\/\/wp.ufpel.edu.br\/international\/wp-json\/wp\/v2\/tags?post=1588"}],"curies":[{"name":"wp","href":"https:\/\/api.w.org\/{rel}","templated":true}]}}