{"id":1533,"date":"2023-04-26T12:14:06","date_gmt":"2023-04-26T15:14:06","guid":{"rendered":"https:\/\/wp.ufpel.edu.br\/international\/?p=1533"},"modified":"2023-05-08T09:50:14","modified_gmt":"2023-05-08T12:50:14","slug":"edital-no-07-2023-mobilidade-academica-internacional-para-a-sichuan-university-of-science-and-engineering-suse","status":"publish","type":"post","link":"https:\/\/wp.ufpel.edu.br\/international\/2023\/04\/26\/edital-no-07-2023-mobilidade-academica-internacional-para-a-sichuan-university-of-science-and-engineering-suse\/","title":{"rendered":"Edital n\u00ba. 07\/2023 &#8211; Mobilidade acad\u00eamica internacional para a Sichuan University of Science and Engineering (SUSE)"},"content":{"rendered":"<p style=\"text-align: justify;\">A CRInter lan\u00e7a hoje edital que prev\u00ea 12 vagas para a realiza\u00e7\u00e3o de mobilidade internacional para a Sichuan University of Science and Engineering (SUSE).<\/p>\n<p style=\"text-align: justify;\">Os alunos receber\u00e3o isen\u00e7\u00e3o de taxas e moradia em local oferecido pela SUSE. Todos os demais custos s\u00e3o de responsabilidade do aluno (inclusive a \u00e1gua e luz consumidas).<\/p>\n<p style=\"text-align: justify;\"><span style=\"font-weight: 400;\">\u00a0<\/span><b>P\u00fablico-alvo:\u00a0\u00a0<\/b><\/p>\n<ol>\n<li style=\"text-align: justify;\"><span style=\"font-weight: 400;\">Alunos proficientes em ingl\u00eas: podem realizar a mobilidade para atender ao Curso\u00a0 de L\u00edngua Chinesa. Os alunos do Centro de Letras e Comunica\u00e7\u00e3o (CLC) da UFPel ter\u00e3o\u00a0 prioridade na sele\u00e7\u00e3o.\u00a0<\/span><\/li>\n<li style=\"text-align: justify;\"><span style=\"font-weight: 400;\">Alunos proficientes em l\u00edngua chinesa: podem optar por qualquer curso oferecido pela SUSE;\u00a0<\/span><\/li>\n<li style=\"text-align: justify;\"><span style=\"font-weight: 400;\">Alunos dos cursos de Letras-Espanhol, Letras-Ingl\u00eas e Letras-Portugu\u00eas: al\u00e9m da\u00a0 possibilidade de optar pela op\u00e7\u00e3o 1 prevendo mobilidade por 1 ano (1 semestre curso de mandarim + 1 semestre curso formal), podem se inscrever diretamente no respectivo curso na SUSE\u00a0 sem necessidade de comprova\u00e7\u00e3o de flu\u00eancia em mandarim. Tamb\u00e9m ser\u00e3o aceitos planos de\u00a0 estudos que prevejam a realiza\u00e7\u00e3o de est\u00e1gio final na SUSE.\u00a0<\/span><\/li>\n<\/ol>\n<p style=\"text-align: justify;\">As inscri\u00e7\u00f5es est\u00e3o abertas e v\u00e3o at\u00e9 \u00e0s 23:59 do dia 10 de maio de 2023.<\/p>\n<p><a href=\"https:\/\/drive.google.com\/file\/d\/1Sc4CXLR0n7KenwdbK7Yzvld9d0LpXRvd\/view?usp=sharing\">Edital n\u00ba. 07\/2023 &#8211; Mobilidade acad\u00eamica internacional para a SUSE<\/a><\/p>\n<p><a href=\"https:\/\/docs.google.com\/forms\/d\/e\/1FAIpQLSff7oAnLBJHrBjq5jFfSPwsZ-yZ3ZQdaerqd7XGbqFkRDx_yA\/viewform\">Formul\u00e1rio de Inscri\u00e7\u00e3o<\/a><\/p>\n<p><span style=\"color: #ff0000;\">ATEN\u00c7\u00c3O: em 03\/05 o edital foi retificado para validar inscri\u00e7\u00f5es de alunos(as) que estejam atualmente cursando o segundo semestre.\u00a0<\/span><\/p>\n<p>&nbsp;<\/p>\n<p><a href=\"https:\/\/wp.ufpel.edu.br\/international\/files\/2023\/04\/Copia-de-Anexo-I-Plano-de-estudos.docx\">Anexo I &#8211; Plano de estudos<\/a><\/p>\n<p><a href=\"https:\/\/wp.ufpel.edu.br\/international\/files\/2023\/04\/Copia-de-Anexo-I-Plano-de-estudos-Direito.docx\">Anexo I &#8211; Plano de estudos (Direito)<\/a><\/p>\n<p><a href=\"https:\/\/wp.ufpel.edu.br\/international\/files\/2023\/04\/Copia-de-Anexo-II-Declaracao-ciencia-despesas.docx\">Anexo II &#8211; Declara\u00e7\u00e3o de ci\u00eancia sobre as despesas referentes \u00e0 mobilidade acad\u00eamica internacional<\/a><\/p>\n<p>&nbsp;<\/p>\n<p><a href=\"https:\/\/wp.ufpel.edu.br\/international\/files\/2023\/04\/SUSE-Oferta-de-cursos.pdf\">SUSE &#8211; Oferta de cursos<\/a><\/p>\n<p><a href=\"https:\/\/wp.ufpel.edu.br\/international\/files\/2023\/04\/English-Introduction-of-SUSE.pdf\">English Introduction of SUSE<\/a><\/p>\n<p><a href=\"https:\/\/wp.ufpel.edu.br\/international\/files\/2023\/04\/International-Student-Admission-of-SUSE-2.pdf\">International Student Admission of SUSE<\/a><\/p>\n<p>&nbsp;<\/p>\n<p><strong>Programa dos cursos na SUSE<\/strong><\/p>\n<p><span style=\"font-size: 10pt; color: #ff0000;\"><em>* Edit 08\/05\/2023 (motivo: acrescentar informa\u00e7\u00e3o sobre os cursos da SUSE)<\/em><\/span><\/p>\n<p><a href=\"https:\/\/wp.ufpel.edu.br\/international\/files\/2023\/04\/BA-Portuguese-Studies-SUSE.pdf\">BA Portuguese Studies &#8211; SUSE<\/a><\/p>\n<p><a href=\"https:\/\/wp.ufpel.edu.br\/international\/files\/2023\/04\/Spanish.pdf\">Spanish<\/a><\/p>\n<p><a href=\"https:\/\/wp.ufpel.edu.br\/international\/files\/2023\/04\/English.doc.pdf\">English<\/a><\/p>\n<p><a href=\"https:\/\/wp.ufpel.edu.br\/international\/files\/2023\/04\/Japanese.doc.pdf\">Japanese<\/a><\/p>\n<p style=\"text-align: justify;\">*\u00a0 Informamos que somente um dos arquivos est\u00e1 em ingl\u00eas (BA Portuguese Studies &#8211; SUSE) enquanto que os outros est\u00e3o em mandarim. Portanto, segundo instru\u00e7\u00f5es da SUSE, sugerimos que os interessados utilizem algum programa de tradu\u00e7\u00e3o (como o Google Tradutor) e, se for o caso, enviem suas d\u00favidas para o e-mail da UFPel International.<\/p>\n","protected":false},"excerpt":{"rendered":"<p>A CRInter lan\u00e7a hoje edital que prev\u00ea 12 vagas para a realiza\u00e7\u00e3o de mobilidade internacional para a Sichuan University of Science and Engineering (SUSE). Os alunos receber\u00e3o isen\u00e7\u00e3o de taxas e moradia em local oferecido pela SUSE. Todos os demais custos s\u00e3o de responsabilidade do aluno (inclusive a \u00e1gua e luz consumidas). \u00a0P\u00fablico-alvo:\u00a0\u00a0 Alunos proficientes [&hellip;]<\/p>\n","protected":false},"author":290,"featured_media":1544,"comment_status":"closed","ping_status":"closed","sticky":false,"template":"","format":"standard","meta":{"_jetpack_memberships_contains_paid_content":false,"footnotes":""},"categories":[1],"tags":[],"class_list":{"0":"post-1533","1":"post","2":"type-post","3":"status-publish","4":"format-standard","5":"has-post-thumbnail","6":"hentry","7":"category-noticias","9":"post-with-thumbnail","10":"post-with-thumbnail-large"},"jetpack_featured_media_url":"https:\/\/wp.ufpel.edu.br\/international\/files\/2023\/04\/EDITAL-N\u00b0-072023-MOBILIDADE-ACADEMICA-COM-AUXILIO-PARA-A-SICHUAN-UNIVERSITY-OF-SCIENCE-AND-ENGINEERING-CHINA.png","jetpack_sharing_enabled":true,"_links":{"self":[{"href":"https:\/\/wp.ufpel.edu.br\/international\/wp-json\/wp\/v2\/posts\/1533","targetHints":{"allow":["GET"]}}],"collection":[{"href":"https:\/\/wp.ufpel.edu.br\/international\/wp-json\/wp\/v2\/posts"}],"about":[{"href":"https:\/\/wp.ufpel.edu.br\/international\/wp-json\/wp\/v2\/types\/post"}],"author":[{"embeddable":true,"href":"https:\/\/wp.ufpel.edu.br\/international\/wp-json\/wp\/v2\/users\/290"}],"replies":[{"embeddable":true,"href":"https:\/\/wp.ufpel.edu.br\/international\/wp-json\/wp\/v2\/comments?post=1533"}],"version-history":[{"count":8,"href":"https:\/\/wp.ufpel.edu.br\/international\/wp-json\/wp\/v2\/posts\/1533\/revisions"}],"predecessor-version":[{"id":1595,"href":"https:\/\/wp.ufpel.edu.br\/international\/wp-json\/wp\/v2\/posts\/1533\/revisions\/1595"}],"wp:featuredmedia":[{"embeddable":true,"href":"https:\/\/wp.ufpel.edu.br\/international\/wp-json\/wp\/v2\/media\/1544"}],"wp:attachment":[{"href":"https:\/\/wp.ufpel.edu.br\/international\/wp-json\/wp\/v2\/media?parent=1533"}],"wp:term":[{"taxonomy":"category","embeddable":true,"href":"https:\/\/wp.ufpel.edu.br\/international\/wp-json\/wp\/v2\/categories?post=1533"},{"taxonomy":"post_tag","embeddable":true,"href":"https:\/\/wp.ufpel.edu.br\/international\/wp-json\/wp\/v2\/tags?post=1533"}],"curies":[{"name":"wp","href":"https:\/\/api.w.org\/{rel}","templated":true}]}}