{"id":1499,"date":"2023-04-20T15:36:48","date_gmt":"2023-04-20T18:36:48","guid":{"rendered":"https:\/\/wp.ufpel.edu.br\/international\/?p=1499"},"modified":"2023-04-20T15:36:48","modified_gmt":"2023-04-20T18:36:48","slug":"ufpel-renova-convenio-com-a-universidad-de-ciencias-aplicadas-y-ambientales-colombia","status":"publish","type":"post","link":"https:\/\/wp.ufpel.edu.br\/international\/2023\/04\/20\/ufpel-renova-convenio-com-a-universidad-de-ciencias-aplicadas-y-ambientales-colombia\/","title":{"rendered":"UFPel renova conv\u00eanio com a Universidad de Ciencias Aplicadas y Ambientales (Col\u00f4mbia)"},"content":{"rendered":"<p style=\"text-align: justify;\">No dia 18 de abril de 2023, a Universidade Federal de Pelotas (UFPel) renovou seu conv\u00eanio com a Universidad de Ciencias Aplicadas y Ambientales (UDCA).\u00a0 A parceria existe desde 2013 e prev\u00ea a mobilidade internacional de estudantes entre as institui\u00e7\u00f5es, al\u00e9m de garantir benef\u00edcios rec\u00edprocos como aux\u00edlio moradia e alimenta\u00e7\u00e3o.<\/p>\n<p>&nbsp;<\/p>\n","protected":false},"excerpt":{"rendered":"<p>No dia 18 de abril de 2023, a Universidade Federal de Pelotas (UFPel) renovou seu conv\u00eanio com a Universidad de Ciencias Aplicadas y Ambientales (UDCA).\u00a0 A parceria existe desde 2013 e prev\u00ea a mobilidade internacional de estudantes entre as institui\u00e7\u00f5es, al\u00e9m de garantir benef\u00edcios rec\u00edprocos como aux\u00edlio moradia e alimenta\u00e7\u00e3o. &nbsp;<\/p>\n","protected":false},"author":290,"featured_media":1500,"comment_status":"closed","ping_status":"closed","sticky":false,"template":"","format":"standard","meta":{"_jetpack_memberships_contains_paid_content":false,"footnotes":""},"categories":[1],"tags":[],"class_list":{"0":"post-1499","1":"post","2":"type-post","3":"status-publish","4":"format-standard","5":"has-post-thumbnail","6":"hentry","7":"category-noticias","9":"post-with-thumbnail","10":"post-with-thumbnail-large"},"jetpack_featured_media_url":"https:\/\/wp.ufpel.edu.br\/international\/files\/2023\/04\/UFPEL-RENOVA-CONVENIO-COM-A-UNIVERSIDAD-DE-CIENCIAS-APLICADAS-Y-AMBIENTALES-COLOMBIA.png","jetpack_sharing_enabled":true,"_links":{"self":[{"href":"https:\/\/wp.ufpel.edu.br\/international\/wp-json\/wp\/v2\/posts\/1499","targetHints":{"allow":["GET"]}}],"collection":[{"href":"https:\/\/wp.ufpel.edu.br\/international\/wp-json\/wp\/v2\/posts"}],"about":[{"href":"https:\/\/wp.ufpel.edu.br\/international\/wp-json\/wp\/v2\/types\/post"}],"author":[{"embeddable":true,"href":"https:\/\/wp.ufpel.edu.br\/international\/wp-json\/wp\/v2\/users\/290"}],"replies":[{"embeddable":true,"href":"https:\/\/wp.ufpel.edu.br\/international\/wp-json\/wp\/v2\/comments?post=1499"}],"version-history":[{"count":1,"href":"https:\/\/wp.ufpel.edu.br\/international\/wp-json\/wp\/v2\/posts\/1499\/revisions"}],"predecessor-version":[{"id":1501,"href":"https:\/\/wp.ufpel.edu.br\/international\/wp-json\/wp\/v2\/posts\/1499\/revisions\/1501"}],"wp:featuredmedia":[{"embeddable":true,"href":"https:\/\/wp.ufpel.edu.br\/international\/wp-json\/wp\/v2\/media\/1500"}],"wp:attachment":[{"href":"https:\/\/wp.ufpel.edu.br\/international\/wp-json\/wp\/v2\/media?parent=1499"}],"wp:term":[{"taxonomy":"category","embeddable":true,"href":"https:\/\/wp.ufpel.edu.br\/international\/wp-json\/wp\/v2\/categories?post=1499"},{"taxonomy":"post_tag","embeddable":true,"href":"https:\/\/wp.ufpel.edu.br\/international\/wp-json\/wp\/v2\/tags?post=1499"}],"curies":[{"name":"wp","href":"https:\/\/api.w.org\/{rel}","templated":true}]}}