{"id":1456,"date":"2023-04-06T16:26:55","date_gmt":"2023-04-06T19:26:55","guid":{"rendered":"https:\/\/wp.ufpel.edu.br\/international\/?p=1456"},"modified":"2023-04-06T16:26:55","modified_gmt":"2023-04-06T19:26:55","slug":"edital-04-2023-resultado-final-projeto-amigo-universitario-selecao-especial-ri","status":"publish","type":"post","link":"https:\/\/wp.ufpel.edu.br\/international\/2023\/04\/06\/edital-04-2023-resultado-final-projeto-amigo-universitario-selecao-especial-ri\/","title":{"rendered":"EDITAL 04\/2023 &#8211; Resultado Final &#8211; Projeto Amigo Universit\u00e1rio &#8211; Sele\u00e7\u00e3o Especial (RI)"},"content":{"rendered":"<p>A Coordena\u00e7\u00e3o de Rela\u00e7\u00f5es Internacionais, no uso de suas atribui\u00e7\u00f5es legais, torna p\u00fablico o RESULTADO da sele\u00e7\u00e3o de est\u00e1gio volunt\u00e1rio do Edital 04\/2023, conforme listagem abaixo:<\/p>\n<table border=\"1\">\n<tbody>\n<tr>\n<td><strong>Nome<\/strong><\/td>\n<td><strong>Situa\u00e7\u00e3o\u00a0<\/strong><\/td>\n<\/tr>\n<tr>\n<td>Jonathan Santos Pereira Feij\u00f3<\/td>\n<td>Selecionado<\/td>\n<\/tr>\n<tr>\n<td>Ian Ferreira de Mello<\/td>\n<td>N\u00e3o selecionado<\/td>\n<\/tr>\n<tr>\n<td>Nicolas Henrique Lopes de Lima<\/td>\n<td>N\u00e3o selecionado<\/td>\n<\/tr>\n<tr>\n<td>Amanda Cristina Silva Pinheiro<\/td>\n<td>Selecionada<\/td>\n<\/tr>\n<tr>\n<td>Beatriz da Silva Cordeiro<\/td>\n<td>N\u00e3o selecionada<\/td>\n<\/tr>\n<tr>\n<td>Amanda Sosa Pacheco<\/td>\n<td>Selecionada<\/td>\n<\/tr>\n<\/tbody>\n<\/table>\n<p>&nbsp;<\/p>\n<p>A CRInter far\u00e1 contato por e-mail com os candidatos para esclarecimentos acerca do Resultado.<\/p>\n","protected":false},"excerpt":{"rendered":"<p>A Coordena\u00e7\u00e3o de Rela\u00e7\u00f5es Internacionais, no uso de suas atribui\u00e7\u00f5es legais, torna p\u00fablico o RESULTADO da sele\u00e7\u00e3o de est\u00e1gio volunt\u00e1rio do Edital 04\/2023, conforme listagem abaixo: Nome Situa\u00e7\u00e3o\u00a0 Jonathan Santos Pereira Feij\u00f3 Selecionado Ian Ferreira de Mello N\u00e3o selecionado Nicolas Henrique Lopes de Lima N\u00e3o selecionado Amanda Cristina Silva Pinheiro Selecionada Beatriz da Silva Cordeiro [&hellip;]<\/p>\n","protected":false},"author":290,"featured_media":1461,"comment_status":"closed","ping_status":"closed","sticky":false,"template":"","format":"standard","meta":{"_jetpack_memberships_contains_paid_content":false,"footnotes":""},"categories":[1],"tags":[],"class_list":{"0":"post-1456","1":"post","2":"type-post","3":"status-publish","4":"format-standard","5":"has-post-thumbnail","6":"hentry","7":"category-noticias","9":"post-with-thumbnail","10":"post-with-thumbnail-large"},"jetpack_featured_media_url":"https:\/\/wp.ufpel.edu.br\/international\/files\/2023\/04\/Copia-de-Copia-de-OPORTUNIDADE-DE-BOLSA-BAYLAT-PARA-PESQUISA-NA-BAVIERA.png","jetpack_sharing_enabled":true,"_links":{"self":[{"href":"https:\/\/wp.ufpel.edu.br\/international\/wp-json\/wp\/v2\/posts\/1456","targetHints":{"allow":["GET"]}}],"collection":[{"href":"https:\/\/wp.ufpel.edu.br\/international\/wp-json\/wp\/v2\/posts"}],"about":[{"href":"https:\/\/wp.ufpel.edu.br\/international\/wp-json\/wp\/v2\/types\/post"}],"author":[{"embeddable":true,"href":"https:\/\/wp.ufpel.edu.br\/international\/wp-json\/wp\/v2\/users\/290"}],"replies":[{"embeddable":true,"href":"https:\/\/wp.ufpel.edu.br\/international\/wp-json\/wp\/v2\/comments?post=1456"}],"version-history":[{"count":2,"href":"https:\/\/wp.ufpel.edu.br\/international\/wp-json\/wp\/v2\/posts\/1456\/revisions"}],"predecessor-version":[{"id":1462,"href":"https:\/\/wp.ufpel.edu.br\/international\/wp-json\/wp\/v2\/posts\/1456\/revisions\/1462"}],"wp:featuredmedia":[{"embeddable":true,"href":"https:\/\/wp.ufpel.edu.br\/international\/wp-json\/wp\/v2\/media\/1461"}],"wp:attachment":[{"href":"https:\/\/wp.ufpel.edu.br\/international\/wp-json\/wp\/v2\/media?parent=1456"}],"wp:term":[{"taxonomy":"category","embeddable":true,"href":"https:\/\/wp.ufpel.edu.br\/international\/wp-json\/wp\/v2\/categories?post=1456"},{"taxonomy":"post_tag","embeddable":true,"href":"https:\/\/wp.ufpel.edu.br\/international\/wp-json\/wp\/v2\/tags?post=1456"}],"curies":[{"name":"wp","href":"https:\/\/api.w.org\/{rel}","templated":true}]}}