{"id":1253,"date":"2023-02-28T09:51:28","date_gmt":"2023-02-28T12:51:28","guid":{"rendered":"https:\/\/wp.ufpel.edu.br\/international\/?p=1253"},"modified":"2023-02-28T09:51:28","modified_gmt":"2023-02-28T12:51:28","slug":"ufpel-firma-convenio-com-universidade-catolica-de-mocambique-ucm","status":"publish","type":"post","link":"https:\/\/wp.ufpel.edu.br\/international\/2023\/02\/28\/ufpel-firma-convenio-com-universidade-catolica-de-mocambique-ucm\/","title":{"rendered":"UFPel firma conv\u00eanio com Universidade Cat\u00f3lica de Mo\u00e7ambique (UCM)"},"content":{"rendered":"<p style=\"text-align: justify;\">A Universidade Federal de Pelotas (UFPel) e a Universidade Cat\u00f3lica de Mo\u00e7ambique (UCM) formalizaram, no dia 24 de fevereiro de 2023, acordo para coopera\u00e7\u00e3o cientifica e interc\u00e2mbio acad\u00eamico.\u00a0 Al\u00e9m da promo\u00e7\u00e3o de interc\u00e2mbios e de produ\u00e7\u00e3o cientifica a parceria prev\u00ea colabora\u00e7\u00e3o nas \u00e1reas do Direito em projetos conjuntos de pesquisa; realiza\u00e7\u00e3o de eventos de divulga\u00e7\u00e3o cient\u00edfica e acad\u00eamica e projetos de extens\u00e3o universit\u00e1ria.<\/p>\n<p>&nbsp;<\/p>\n<p>Para conferir os conv\u00eanios que a UFPel possui acesse <a href=\"https:\/\/wp.ufpel.edu.br\/international\/acordos-vigentes-2\/\">aqui<\/a><\/p>\n<p>&nbsp;<\/p>\n","protected":false},"excerpt":{"rendered":"<p>A Universidade Federal de Pelotas (UFPel) e a Universidade Cat\u00f3lica de Mo\u00e7ambique (UCM) formalizaram, no dia 24 de fevereiro de 2023, acordo para coopera\u00e7\u00e3o cientifica e interc\u00e2mbio acad\u00eamico.\u00a0 Al\u00e9m da promo\u00e7\u00e3o de interc\u00e2mbios e de produ\u00e7\u00e3o cientifica a parceria prev\u00ea colabora\u00e7\u00e3o nas \u00e1reas do Direito em projetos conjuntos de pesquisa; realiza\u00e7\u00e3o de eventos de divulga\u00e7\u00e3o [&hellip;]<\/p>\n","protected":false},"author":290,"featured_media":1254,"comment_status":"closed","ping_status":"closed","sticky":false,"template":"","format":"standard","meta":{"_jetpack_memberships_contains_paid_content":false,"footnotes":""},"categories":[1],"tags":[],"class_list":{"0":"post-1253","1":"post","2":"type-post","3":"status-publish","4":"format-standard","5":"has-post-thumbnail","6":"hentry","7":"category-noticias","9":"post-with-thumbnail","10":"post-with-thumbnail-large"},"jetpack_featured_media_url":"https:\/\/wp.ufpel.edu.br\/international\/files\/2023\/02\/UFPel-firma-convenio-com-a-Universidade-Catolica-de-Mocambique.png","jetpack_sharing_enabled":true,"_links":{"self":[{"href":"https:\/\/wp.ufpel.edu.br\/international\/wp-json\/wp\/v2\/posts\/1253","targetHints":{"allow":["GET"]}}],"collection":[{"href":"https:\/\/wp.ufpel.edu.br\/international\/wp-json\/wp\/v2\/posts"}],"about":[{"href":"https:\/\/wp.ufpel.edu.br\/international\/wp-json\/wp\/v2\/types\/post"}],"author":[{"embeddable":true,"href":"https:\/\/wp.ufpel.edu.br\/international\/wp-json\/wp\/v2\/users\/290"}],"replies":[{"embeddable":true,"href":"https:\/\/wp.ufpel.edu.br\/international\/wp-json\/wp\/v2\/comments?post=1253"}],"version-history":[{"count":3,"href":"https:\/\/wp.ufpel.edu.br\/international\/wp-json\/wp\/v2\/posts\/1253\/revisions"}],"predecessor-version":[{"id":1257,"href":"https:\/\/wp.ufpel.edu.br\/international\/wp-json\/wp\/v2\/posts\/1253\/revisions\/1257"}],"wp:featuredmedia":[{"embeddable":true,"href":"https:\/\/wp.ufpel.edu.br\/international\/wp-json\/wp\/v2\/media\/1254"}],"wp:attachment":[{"href":"https:\/\/wp.ufpel.edu.br\/international\/wp-json\/wp\/v2\/media?parent=1253"}],"wp:term":[{"taxonomy":"category","embeddable":true,"href":"https:\/\/wp.ufpel.edu.br\/international\/wp-json\/wp\/v2\/categories?post=1253"},{"taxonomy":"post_tag","embeddable":true,"href":"https:\/\/wp.ufpel.edu.br\/international\/wp-json\/wp\/v2\/tags?post=1253"}],"curies":[{"name":"wp","href":"https:\/\/api.w.org\/{rel}","templated":true}]}}