{"id":1240,"date":"2023-02-16T17:29:43","date_gmt":"2023-02-16T20:29:43","guid":{"rendered":"https:\/\/wp.ufpel.edu.br\/international\/?p=1240"},"modified":"2023-02-16T17:30:08","modified_gmt":"2023-02-16T20:30:08","slug":"1240","status":"publish","type":"post","link":"https:\/\/wp.ufpel.edu.br\/international\/2023\/02\/16\/1240\/","title":{"rendered":"Edital 01\/2023 &#8211; RESULTADO FINAL"},"content":{"rendered":"<p>A Coordena\u00e7\u00e3o de Rela\u00e7\u00f5es Internacionais &#8211; CRInter da Universidade Federal de Pelotas, no uso de suas atribui\u00e7\u00f5es legais, comunica aos estudantes estrangeiros do Programa de Estudantes Conv\u00eanio de Gradua\u00e7\u00e3o \u2013 PEC-G da UFPel, o\u00a0<strong>RESULTADO FINAL <\/strong>da sele\u00e7\u00e3o para a bolsa do projeto Milton Santos de Acesso ao Ensino Superior \u2013 PROMISAES 2023, para o per\u00edodo de janeiro a dezembro de 2023, conforme o classifica\u00e7\u00e3o abaixo:<\/p>\n<p><strong>SELECIONADOS:<\/strong><\/p>\n<table dir=\"ltr\" style=\"height: 240px; width: 635px;\" border=\"1\" cellspacing=\"0\" cellpadding=\"0\">\n<colgroup>\n<col width=\"324\" \/>\n<col width=\"100\" \/><\/colgroup>\n<tbody>\n<tr style=\"height: 24px;\">\n<td style=\"height: 24px; width: 483px;\" data-sheets-value=\"{&quot;1&quot;:2,&quot;2&quot;:&quot;NOME&quot;}\"><strong>NOME<\/strong><\/td>\n<td style=\"height: 24px; width: 152px;\" data-sheets-value=\"{&quot;1&quot;:2,&quot;2&quot;:&quot;M\u00c9DIA&quot;}\"><strong>CLASSIFICA\u00c7\u00c3O<\/strong><\/td>\n<\/tr>\n<tr>\n<td style=\"width: 483px;\" data-sheets-value=\"{&quot;1&quot;:2,&quot;2&quot;:&quot;RODDYGUEZ MAFUTA LUKUAMA&quot;}\">RODDYGUEZ MAFUTA LUKUAMA<\/td>\n<td style=\"height: 24px; width: 152px;\" data-sheets-value=\"{&quot;1&quot;:3,&quot;3&quot;:8.8}\">1\u00ba<\/td>\n<\/tr>\n<tr>\n<td style=\"width: 483px;\" data-sheets-value=\"{&quot;1&quot;:2,&quot;2&quot;:&quot;MAURO JOS\u00c9 CHANTRE BARROS&quot;}\">MAURO JOS\u00c9 CHANTRE BARROS<\/td>\n<td style=\"height: 24px; width: 152px;\" data-sheets-value=\"{&quot;1&quot;:3,&quot;3&quot;:7.97}\">2\u00ba<\/td>\n<\/tr>\n<tr>\n<td style=\"width: 483px;\" data-sheets-value=\"{&quot;1&quot;:2,&quot;2&quot;:&quot;AMANDINE ALEXIA MAKAYA&quot;}\">AMANDINE ALEXIA MAKAYA<\/td>\n<td style=\"height: 24px; width: 152px;\" data-sheets-value=\"{&quot;1&quot;:3,&quot;3&quot;:7.91}\">3\u00ba<\/td>\n<\/tr>\n<tr>\n<td style=\"width: 483px;\" data-sheets-value=\"{&quot;1&quot;:2,&quot;2&quot;:&quot;PATRICIA AFONSO NEVES&quot;}\">PATRICIA AFONSO NEVES<\/td>\n<td style=\"height: 24px; width: 152px;\" data-sheets-value=\"{&quot;1&quot;:3,&quot;3&quot;:8.91}\">4\u00ba<\/td>\n<\/tr>\n<tr>\n<td style=\"width: 483px;\" data-sheets-value=\"{&quot;1&quot;:2,&quot;2&quot;:&quot;ABOUBAKAR SADICK BODI&quot;}\">ABOUBAKAR SADICK BODI<\/td>\n<td style=\"height: 24px; width: 152px;\" data-sheets-value=\"{&quot;1&quot;:3,&quot;3&quot;:6.73}\">5\u00ba<\/td>\n<\/tr>\n<tr>\n<td style=\"width: 483px;\" data-sheets-value=\"{&quot;1&quot;:2,&quot;2&quot;:&quot;AZZEDINE TUMONA KIATIMUA&quot;}\">AZZEDINE TUMONA KIATIMUA<\/td>\n<td style=\"height: 24px; width: 152px;\" data-sheets-value=\"{&quot;1&quot;:3,&quot;3&quot;:6.61}\">6\u00ba<\/td>\n<\/tr>\n<tr>\n<td style=\"width: 483px;\" data-sheets-value=\"{&quot;1&quot;:2,&quot;2&quot;:&quot;EDNEIA SANDRA DA ROSA BRAZ\u00c3O GON\u00c7ALVES&quot;}\">EDNEIA SANDRA DA ROSA BRAZ\u00c3O GON\u00c7ALVES<\/td>\n<td style=\"height: 24px; width: 152px;\" data-sheets-value=\"{&quot;1&quot;:3,&quot;3&quot;:5.11}\">7\u00ba<\/td>\n<\/tr>\n<tr>\n<td style=\"width: 483px;\" data-sheets-value=\"{&quot;1&quot;:2,&quot;2&quot;:&quot;STEVEN BHEN YANNICK KIMBEMBE&quot;}\">STEVEN BHEN YANNICK KIMBEMBE<\/td>\n<td style=\"height: 24px; width: 152px;\" data-sheets-value=\"{&quot;1&quot;:3,&quot;3&quot;:3.35}\">8\u00ba<\/td>\n<\/tr>\n<tr>\n<td style=\"width: 483px;\" data-sheets-value=\"{&quot;1&quot;:2,&quot;2&quot;:&quot;CREDO MARSHALL MENELICK MINSOMAHU ADETONAH&quot;}\">CREDO MARSHALL MENELICK MINSOMAHU ADETONAH<\/td>\n<td style=\"height: 24px; width: 152px;\" data-sheets-value=\"{&quot;1&quot;:3,&quot;3&quot;:0.96}\">9\u00ba<\/td>\n<\/tr>\n<\/tbody>\n<\/table>\n<p><\/p>\n","protected":false},"excerpt":{"rendered":"<p>A Coordena\u00e7\u00e3o de Rela\u00e7\u00f5es Internacionais &#8211; CRInter da Universidade Federal de Pelotas, no uso de suas atribui\u00e7\u00f5es legais, comunica aos estudantes estrangeiros do Programa de Estudantes Conv\u00eanio de Gradua\u00e7\u00e3o \u2013 PEC-G da UFPel, o\u00a0RESULTADO FINAL da sele\u00e7\u00e3o para a bolsa do projeto Milton Santos de Acesso ao Ensino Superior \u2013 PROMISAES 2023, para o per\u00edodo [&hellip;]<\/p>\n","protected":false},"author":290,"featured_media":1241,"comment_status":"closed","ping_status":"closed","sticky":false,"template":"","format":"standard","meta":{"_jetpack_memberships_contains_paid_content":false,"footnotes":""},"categories":[1],"tags":[],"class_list":{"0":"post-1240","1":"post","2":"type-post","3":"status-publish","4":"format-standard","5":"has-post-thumbnail","6":"hentry","7":"category-noticias","9":"post-with-thumbnail","10":"post-with-thumbnail-large"},"jetpack_featured_media_url":"https:\/\/wp.ufpel.edu.br\/international\/files\/2023\/02\/oportunidades-1.png","jetpack_sharing_enabled":true,"_links":{"self":[{"href":"https:\/\/wp.ufpel.edu.br\/international\/wp-json\/wp\/v2\/posts\/1240","targetHints":{"allow":["GET"]}}],"collection":[{"href":"https:\/\/wp.ufpel.edu.br\/international\/wp-json\/wp\/v2\/posts"}],"about":[{"href":"https:\/\/wp.ufpel.edu.br\/international\/wp-json\/wp\/v2\/types\/post"}],"author":[{"embeddable":true,"href":"https:\/\/wp.ufpel.edu.br\/international\/wp-json\/wp\/v2\/users\/290"}],"replies":[{"embeddable":true,"href":"https:\/\/wp.ufpel.edu.br\/international\/wp-json\/wp\/v2\/comments?post=1240"}],"version-history":[{"count":2,"href":"https:\/\/wp.ufpel.edu.br\/international\/wp-json\/wp\/v2\/posts\/1240\/revisions"}],"predecessor-version":[{"id":1243,"href":"https:\/\/wp.ufpel.edu.br\/international\/wp-json\/wp\/v2\/posts\/1240\/revisions\/1243"}],"wp:featuredmedia":[{"embeddable":true,"href":"https:\/\/wp.ufpel.edu.br\/international\/wp-json\/wp\/v2\/media\/1241"}],"wp:attachment":[{"href":"https:\/\/wp.ufpel.edu.br\/international\/wp-json\/wp\/v2\/media?parent=1240"}],"wp:term":[{"taxonomy":"category","embeddable":true,"href":"https:\/\/wp.ufpel.edu.br\/international\/wp-json\/wp\/v2\/categories?post=1240"},{"taxonomy":"post_tag","embeddable":true,"href":"https:\/\/wp.ufpel.edu.br\/international\/wp-json\/wp\/v2\/tags?post=1240"}],"curies":[{"name":"wp","href":"https:\/\/api.w.org\/{rel}","templated":true}]}}