{"id":966,"date":"2021-05-25T18:14:06","date_gmt":"2021-05-25T21:14:06","guid":{"rendered":"https:\/\/wp.ufpel.edu.br\/inspleite\/?p=966"},"modified":"2021-05-25T18:14:06","modified_gmt":"2021-05-25T21:14:06","slug":"nossas-redes-sociais","status":"publish","type":"post","link":"https:\/\/wp.ufpel.edu.br\/inspleite\/2021\/05\/25\/nossas-redes-sociais\/","title":{"rendered":"Nossas Redes Sociais"},"content":{"rendered":"<p>Atualmente, o Laborat\u00f3rio de Inspe\u00e7\u00e3o de Produtos de Origem Animal da UFPel, em parceria com o Centro de Controle de Zoonoses da UFPel, administra algumas p\u00e1ginas nas redes sociais Instagram e Facebook.<\/p>\n<p>Essas p\u00e1ginas t\u00eam como principal objetivo a divulga\u00e7\u00e3o de materiais informativos e a dissemina\u00e7\u00e3o de informa\u00e7\u00f5es seguras, acerca de temas relacionados \u00e0 sa\u00fade p\u00fablica em geral, \u00e0 sa\u00fade \u00fanica e \u00e0 medicina veterin\u00e1ria preventiva, como a inspe\u00e7\u00e3o de produtos de origem animal e zoonoses.<\/p>\n<p>Voc\u00eas podem conferir esses materiais no Instagram em <a href=\"https:\/\/www.instagram.com\/veterinariapreventiva.ufpel\/\">@veterinariapreventiva.ufpel<\/a> e no <a href=\"https:\/\/www.facebook.com\/VeterinariaPreventivaUFPel\/?ref=py_c\">Facebook<\/a>.<\/p>\n<p>Conhe\u00e7a tamb\u00e9m a p\u00e1gina do N\u00facleo de Estudos em Sa\u00fade \u00danica (NESU-UFPel) no Instagram <a href=\"https:\/\/www.instagram.com\/nesu.ufpel\/\">@nesu.ufpel<\/a>.<\/p>\n<p><a href=\"https:\/\/wp.ufpel.edu.br\/inspleite\/files\/2021\/05\/insta.png\"><img loading=\"lazy\" decoding=\"async\" class=\"alignnone size-medium wp-image-968\" src=\"https:\/\/wp.ufpel.edu.br\/inspleite\/files\/2021\/05\/insta-424x248.png\" alt=\"\" width=\"424\" height=\"248\" srcset=\"https:\/\/wp.ufpel.edu.br\/inspleite\/files\/2021\/05\/insta-424x248.png 424w, https:\/\/wp.ufpel.edu.br\/inspleite\/files\/2021\/05\/insta-212x124.png 212w, https:\/\/wp.ufpel.edu.br\/inspleite\/files\/2021\/05\/insta-768x449.png 768w, https:\/\/wp.ufpel.edu.br\/inspleite\/files\/2021\/05\/insta-500x292.png 500w, https:\/\/wp.ufpel.edu.br\/inspleite\/files\/2021\/05\/insta.png 1140w\" sizes=\"auto, (max-width: 424px) 100vw, 424px\" \/><\/a><\/p>\n","protected":false},"excerpt":{"rendered":"<p>Atualmente, o Laborat\u00f3rio de Inspe\u00e7\u00e3o de Produtos de Origem Animal da UFPel, em parceria com o Centro de Controle de Zoonoses da UFPel, administra algumas p\u00e1ginas nas redes sociais Instagram e Facebook. Essas p\u00e1ginas t\u00eam como principal objetivo a divulga\u00e7\u00e3o &hellip; <a href=\"https:\/\/wp.ufpel.edu.br\/inspleite\/2021\/05\/25\/nossas-redes-sociais\/\">Continue lendo <span class=\"meta-nav\">&rarr;<\/span><\/a><\/p>\n","protected":false},"author":581,"featured_media":0,"comment_status":"closed","ping_status":"closed","sticky":false,"template":"","format":"standard","meta":{"_jetpack_memberships_contains_paid_content":false,"footnotes":""},"categories":[1],"tags":[],"class_list":["post-966","post","type-post","status-publish","format-standard","hentry","category-noticias"],"jetpack_featured_media_url":"","jetpack_sharing_enabled":true,"_links":{"self":[{"href":"https:\/\/wp.ufpel.edu.br\/inspleite\/wp-json\/wp\/v2\/posts\/966","targetHints":{"allow":["GET"]}}],"collection":[{"href":"https:\/\/wp.ufpel.edu.br\/inspleite\/wp-json\/wp\/v2\/posts"}],"about":[{"href":"https:\/\/wp.ufpel.edu.br\/inspleite\/wp-json\/wp\/v2\/types\/post"}],"author":[{"embeddable":true,"href":"https:\/\/wp.ufpel.edu.br\/inspleite\/wp-json\/wp\/v2\/users\/581"}],"replies":[{"embeddable":true,"href":"https:\/\/wp.ufpel.edu.br\/inspleite\/wp-json\/wp\/v2\/comments?post=966"}],"version-history":[{"count":2,"href":"https:\/\/wp.ufpel.edu.br\/inspleite\/wp-json\/wp\/v2\/posts\/966\/revisions"}],"predecessor-version":[{"id":1027,"href":"https:\/\/wp.ufpel.edu.br\/inspleite\/wp-json\/wp\/v2\/posts\/966\/revisions\/1027"}],"wp:attachment":[{"href":"https:\/\/wp.ufpel.edu.br\/inspleite\/wp-json\/wp\/v2\/media?parent=966"}],"wp:term":[{"taxonomy":"category","embeddable":true,"href":"https:\/\/wp.ufpel.edu.br\/inspleite\/wp-json\/wp\/v2\/categories?post=966"},{"taxonomy":"post_tag","embeddable":true,"href":"https:\/\/wp.ufpel.edu.br\/inspleite\/wp-json\/wp\/v2\/tags?post=966"}],"curies":[{"name":"wp","href":"https:\/\/api.w.org\/{rel}","templated":true}]}}