{"id":822,"date":"2020-10-07T18:56:42","date_gmt":"2020-10-07T21:56:42","guid":{"rendered":"https:\/\/wp.ufpel.edu.br\/inspleite\/?p=822"},"modified":"2020-10-09T00:10:23","modified_gmt":"2020-10-09T03:10:23","slug":"processo-seletivo-de-residencia-em-area-profissional-da-saude-inspecao-de-leite-e-derivados","status":"publish","type":"post","link":"https:\/\/wp.ufpel.edu.br\/inspleite\/2020\/10\/07\/processo-seletivo-de-residencia-em-area-profissional-da-saude-inspecao-de-leite-e-derivados\/","title":{"rendered":"Processo Seletivo de Resid\u00eancia em \u00c1rea Profissional da Sa\u00fade &#8211; Inspe\u00e7\u00e3o de Leite e Derivados"},"content":{"rendered":"<p>Est\u00e3o abertas as inscri\u00e7\u00f5es para os Programas de Resid\u00eancia da Universidade Federal de Pelotas (UFPel).<br \/>\nO Programa de Resid\u00eancia em \u00c1rea Profissional da Sa\u00fade, na \u00e1rea de concentra\u00e7\u00e3o\u00a0 da Medicina Veterin\u00e1ria, tem dura\u00e7\u00e3o de 2 anos. Possui vagas para Anestesiologia Veterin\u00e1ria, Cl\u00ednica M\u00e9dica em Animais de Companhia, Cl\u00ednica Cir\u00fargica de Animais de Companhia, Cl\u00ednica M\u00e9dica em Equinos, Cl\u00ednica M\u00e9dica em Ruminantes, Diagn\u00f3stico por Imagem em Medicina Veterin\u00e1ria, Medicina de Animais Silvestres, Inspe\u00e7\u00e3o de Leite e Derivados, Sa\u00fade Coletiva, Medicina Veterin\u00e1ria Preventiva: Doen\u00e7as e Zoonoses Parasit\u00e1rias, Patologia Animal, Patologia Cl\u00ednica Veterin\u00e1ria.<\/p>\n<p>O processo seletivo vai ocorrer em duas fases:<\/p>\n<ul>\n<li><strong>Primeira Fase<\/strong>: Prova Te\u00f3rico-Objetiva (edital da Fundatec Concursos &#8211; consultar tamb\u00e9m adendo ao edital, publicado no dia 07\/10)<\/li>\n<li><strong>Segunda Fase<\/strong>: Avalia\u00e7\u00e3o de curr\u00edculo documentado (edital da COREMU)<\/li>\n<\/ul>\n<p>Mais informa\u00e7\u00f5es podem ser obtidas atrav\u00e9s do site da <a href=\"http:\/\/novo.heufpel.com.br\/ensino\/coremu\/processo-seletivo-2020-2021\/\">COREMU<\/a> e no site da <a href=\"http:\/\/www.fundatec.org.br\/portal\/concursos\/index_concursos.php?concurso=592\">FUNDATEC Concursos<\/a>.<\/p>\n<p><a href=\"https:\/\/wp.ufpel.edu.br\/inspleite\/files\/2020\/10\/Residencia-2021-1.jpeg\"><img loading=\"lazy\" decoding=\"async\" class=\"alignnone size-medium wp-image-825\" src=\"https:\/\/wp.ufpel.edu.br\/inspleite\/files\/2020\/10\/Residencia-2021-1-225x318.jpeg\" alt=\"\" width=\"225\" height=\"318\" srcset=\"https:\/\/wp.ufpel.edu.br\/inspleite\/files\/2020\/10\/Residencia-2021-1-225x318.jpeg 225w, https:\/\/wp.ufpel.edu.br\/inspleite\/files\/2020\/10\/Residencia-2021-1-112x159.jpeg 112w, https:\/\/wp.ufpel.edu.br\/inspleite\/files\/2020\/10\/Residencia-2021-1-768x1087.jpeg 768w, https:\/\/wp.ufpel.edu.br\/inspleite\/files\/2020\/10\/Residencia-2021-1-212x300.jpeg 212w, https:\/\/wp.ufpel.edu.br\/inspleite\/files\/2020\/10\/Residencia-2021-1.jpeg 904w\" sizes=\"auto, (max-width: 225px) 100vw, 225px\" \/><\/a> <a href=\"https:\/\/wp.ufpel.edu.br\/inspleite\/files\/2020\/10\/Residencia-2021.jpeg\"><img loading=\"lazy\" decoding=\"async\" class=\"alignnone size-medium wp-image-824\" src=\"https:\/\/wp.ufpel.edu.br\/inspleite\/files\/2020\/10\/Residencia-2021-225x318.jpeg\" alt=\"\" width=\"225\" height=\"318\" srcset=\"https:\/\/wp.ufpel.edu.br\/inspleite\/files\/2020\/10\/Residencia-2021-225x318.jpeg 225w, https:\/\/wp.ufpel.edu.br\/inspleite\/files\/2020\/10\/Residencia-2021-112x159.jpeg 112w, https:\/\/wp.ufpel.edu.br\/inspleite\/files\/2020\/10\/Residencia-2021-768x1087.jpeg 768w, https:\/\/wp.ufpel.edu.br\/inspleite\/files\/2020\/10\/Residencia-2021-212x300.jpeg 212w, https:\/\/wp.ufpel.edu.br\/inspleite\/files\/2020\/10\/Residencia-2021.jpeg 904w\" sizes=\"auto, (max-width: 225px) 100vw, 225px\" \/><\/a><\/p>\n","protected":false},"excerpt":{"rendered":"<p>Est\u00e3o abertas as inscri\u00e7\u00f5es para os Programas de Resid\u00eancia da Universidade Federal de Pelotas (UFPel). O Programa de Resid\u00eancia em \u00c1rea Profissional da Sa\u00fade, na \u00e1rea de concentra\u00e7\u00e3o\u00a0 da Medicina Veterin\u00e1ria, tem dura\u00e7\u00e3o de 2 anos. Possui vagas para Anestesiologia &hellip; <a href=\"https:\/\/wp.ufpel.edu.br\/inspleite\/2020\/10\/07\/processo-seletivo-de-residencia-em-area-profissional-da-saude-inspecao-de-leite-e-derivados\/\">Continue lendo <span class=\"meta-nav\">&rarr;<\/span><\/a><\/p>\n","protected":false},"author":581,"featured_media":0,"comment_status":"closed","ping_status":"closed","sticky":false,"template":"","format":"standard","meta":{"_jetpack_memberships_contains_paid_content":false,"footnotes":""},"categories":[1],"tags":[],"class_list":["post-822","post","type-post","status-publish","format-standard","hentry","category-noticias"],"jetpack_featured_media_url":"","jetpack_sharing_enabled":true,"_links":{"self":[{"href":"https:\/\/wp.ufpel.edu.br\/inspleite\/wp-json\/wp\/v2\/posts\/822","targetHints":{"allow":["GET"]}}],"collection":[{"href":"https:\/\/wp.ufpel.edu.br\/inspleite\/wp-json\/wp\/v2\/posts"}],"about":[{"href":"https:\/\/wp.ufpel.edu.br\/inspleite\/wp-json\/wp\/v2\/types\/post"}],"author":[{"embeddable":true,"href":"https:\/\/wp.ufpel.edu.br\/inspleite\/wp-json\/wp\/v2\/users\/581"}],"replies":[{"embeddable":true,"href":"https:\/\/wp.ufpel.edu.br\/inspleite\/wp-json\/wp\/v2\/comments?post=822"}],"version-history":[{"count":5,"href":"https:\/\/wp.ufpel.edu.br\/inspleite\/wp-json\/wp\/v2\/posts\/822\/revisions"}],"predecessor-version":[{"id":830,"href":"https:\/\/wp.ufpel.edu.br\/inspleite\/wp-json\/wp\/v2\/posts\/822\/revisions\/830"}],"wp:attachment":[{"href":"https:\/\/wp.ufpel.edu.br\/inspleite\/wp-json\/wp\/v2\/media?parent=822"}],"wp:term":[{"taxonomy":"category","embeddable":true,"href":"https:\/\/wp.ufpel.edu.br\/inspleite\/wp-json\/wp\/v2\/categories?post=822"},{"taxonomy":"post_tag","embeddable":true,"href":"https:\/\/wp.ufpel.edu.br\/inspleite\/wp-json\/wp\/v2\/tags?post=822"}],"curies":[{"name":"wp","href":"https:\/\/api.w.org\/{rel}","templated":true}]}}