{"id":872,"date":"2026-03-13T21:17:24","date_gmt":"2026-03-14T00:17:24","guid":{"rendered":"https:\/\/wp.ufpel.edu.br\/inova\/?p=872"},"modified":"2026-03-13T21:17:24","modified_gmt":"2026-03-14T00:17:24","slug":"incubadora-conectar-conquista-certificacao-cerne-1","status":"publish","type":"post","link":"https:\/\/wp.ufpel.edu.br\/inova\/2026\/03\/13\/incubadora-conectar-conquista-certificacao-cerne-1\/","title":{"rendered":"Incubadora Conectar conquista certifica\u00e7\u00e3o CERNE 1"},"content":{"rendered":"<p><a href=\"https:\/\/wp.ufpel.edu.br\/inova\/files\/2026\/03\/WhatsApp-Image-2026-03-11-at-15.55.13.jpeg\"><img loading=\"lazy\" decoding=\"async\" class=\"aligncenter size-large wp-image-874\" src=\"https:\/\/wp.ufpel.edu.br\/inova\/files\/2026\/03\/WhatsApp-Image-2026-03-11-at-15.55.13-683x1024.jpeg\" alt=\"\" width=\"683\" height=\"1024\" srcset=\"https:\/\/wp.ufpel.edu.br\/inova\/files\/2026\/03\/WhatsApp-Image-2026-03-11-at-15.55.13-683x1024.jpeg 683w, https:\/\/wp.ufpel.edu.br\/inova\/files\/2026\/03\/WhatsApp-Image-2026-03-11-at-15.55.13-267x400.jpeg 267w, https:\/\/wp.ufpel.edu.br\/inova\/files\/2026\/03\/WhatsApp-Image-2026-03-11-at-15.55.13-768x1152.jpeg 768w, https:\/\/wp.ufpel.edu.br\/inova\/files\/2026\/03\/WhatsApp-Image-2026-03-11-at-15.55.13.jpeg 1024w\" sizes=\"auto, (max-width: 683px) 100vw, 683px\" \/><\/a><\/p>\n<p>A Incubadora de Base Tecnol\u00f3gica Conectar, vinculada \u00e0 Universidade Federal de Pelotas (UFPel), conquistou a certifica\u00e7\u00e3o CERNE 1 (Centro de Refer\u00eancia para Apoio a Novos Empreendimentos), um reconhecimento que atesta a qualidade e a efici\u00eancia dos processos de gest\u00e3o da incubadora.<\/p>\n<p>O modelo CERNE foi desenvolvido para qualificar a atua\u00e7\u00e3o de incubadoras de empresas, parques tecnol\u00f3gicos, aceleradoras e outros ambientes de inova\u00e7\u00e3o. A certifica\u00e7\u00e3o indica que a incubadora possui processos estruturados e boas pr\u00e1ticas voltadas ao apoio e desenvolvimento de empreendimentos inovadores.<\/p>\n<p>A conquista do CERNE 1 representa um avan\u00e7o importante para a Conectar, fortalecendo sua capacidade de apoiar empreendedores, startups e projetos de base tecnol\u00f3gica. A certifica\u00e7\u00e3o tamb\u00e9m contribui para ampliar a credibilidade institucional da incubadora e consolidar seu papel no ecossistema de inova\u00e7\u00e3o.<\/p>\n<p>Durante o processo de certifica\u00e7\u00e3o, as incubadoras passam por uma avalia\u00e7\u00e3o conduzida por uma banca especializada, respons\u00e1vel por analisar se os processos, pr\u00e1ticas e metodologias adotadas atendem aos crit\u00e9rios estabelecidos pelo modelo CERNE.<\/p>\n<p>Com essa conquista, a Conectar refor\u00e7a seu compromisso com o desenvolvimento do empreendedorismo inovador, promovendo iniciativas que estimulam a cria\u00e7\u00e3o de neg\u00f3cios, a transfer\u00eancia de conhecimento e a gera\u00e7\u00e3o de impacto econ\u00f4mico e social.<\/p>\n","protected":false},"excerpt":{"rendered":"<p>A Incubadora de Base Tecnol\u00f3gica Conectar, vinculada \u00e0 Universidade Federal de Pelotas (UFPel), conquistou a certifica\u00e7\u00e3o CERNE 1 (Centro de Refer\u00eancia para Apoio a Novos Empreendimentos), um reconhecimento que atesta a qualidade e a efici\u00eancia dos processos de gest\u00e3o da incubadora. O modelo CERNE foi desenvolvido para qualificar a atua\u00e7\u00e3o de incubadoras de empresas, parques [&hellip;]<\/p>\n","protected":false},"author":905,"featured_media":0,"comment_status":"closed","ping_status":"closed","sticky":false,"template":"","format":"standard","meta":{"_jetpack_memberships_contains_paid_content":false,"footnotes":""},"categories":[1],"tags":[],"class_list":["post-872","post","type-post","status-publish","format-standard","hentry","category-noticias"],"yoast_head":"<!-- This site is optimized with the Yoast SEO plugin v26.7 - https:\/\/yoast.com\/wordpress\/plugins\/seo\/ -->\n<title>Incubadora Conectar conquista certifica\u00e7\u00e3o CERNE 1 - INOVA - Superintend\u00eancia de Inova\u00e7\u00e3o e Desenvolvimento Interinstitucional<\/title>\n<meta name=\"robots\" content=\"index, follow, max-snippet:-1, max-image-preview:large, max-video-preview:-1\" \/>\n<link rel=\"canonical\" href=\"https:\/\/wp.ufpel.edu.br\/inova\/2026\/03\/13\/incubadora-conectar-conquista-certificacao-cerne-1\/\" \/>\n<meta property=\"og:locale\" content=\"pt_BR\" \/>\n<meta property=\"og:type\" content=\"article\" \/>\n<meta property=\"og:title\" content=\"Incubadora Conectar conquista certifica\u00e7\u00e3o CERNE 1 - INOVA - Superintend\u00eancia de Inova\u00e7\u00e3o e Desenvolvimento Interinstitucional\" \/>\n<meta property=\"og:description\" content=\"A Incubadora de Base Tecnol\u00f3gica Conectar, vinculada \u00e0 Universidade Federal de Pelotas (UFPel), conquistou a certifica\u00e7\u00e3o CERNE 1 (Centro de Refer\u00eancia para Apoio a Novos Empreendimentos), um reconhecimento que atesta a qualidade e a efici\u00eancia dos processos de gest\u00e3o da incubadora. O modelo CERNE foi desenvolvido para qualificar a atua\u00e7\u00e3o de incubadoras de empresas, parques [&hellip;]\" \/>\n<meta property=\"og:url\" content=\"https:\/\/wp.ufpel.edu.br\/inova\/2026\/03\/13\/incubadora-conectar-conquista-certificacao-cerne-1\/\" \/>\n<meta property=\"og:site_name\" content=\"INOVA - Superintend\u00eancia de Inova\u00e7\u00e3o e Desenvolvimento Interinstitucional\" \/>\n<meta property=\"article:published_time\" content=\"2026-03-14T00:17:24+00:00\" \/>\n<meta property=\"og:image\" content=\"https:\/\/wp.ufpel.edu.br\/inova\/files\/2026\/03\/WhatsApp-Image-2026-03-11-at-15.55.13.jpeg\" \/>\n\t<meta property=\"og:image:width\" content=\"1024\" \/>\n\t<meta property=\"og:image:height\" content=\"1536\" \/>\n\t<meta property=\"og:image:type\" content=\"image\/jpeg\" \/>\n<meta name=\"author\" content=\"dai\" \/>\n<meta name=\"twitter:card\" content=\"summary_large_image\" \/>\n<meta name=\"twitter:label1\" content=\"Escrito por\" \/>\n\t<meta name=\"twitter:data1\" content=\"dai\" \/>\n\t<meta name=\"twitter:label2\" content=\"Est. tempo de leitura\" \/>\n\t<meta name=\"twitter:data2\" content=\"2 minutos\" \/>\n<script type=\"application\/ld+json\" class=\"yoast-schema-graph\">{\"@context\":\"https:\/\/schema.org\",\"@graph\":[{\"@type\":\"Article\",\"@id\":\"https:\/\/wp.ufpel.edu.br\/inova\/2026\/03\/13\/incubadora-conectar-conquista-certificacao-cerne-1\/#article\",\"isPartOf\":{\"@id\":\"https:\/\/wp.ufpel.edu.br\/inova\/2026\/03\/13\/incubadora-conectar-conquista-certificacao-cerne-1\/\"},\"author\":{\"name\":\"dai\",\"@id\":\"https:\/\/wp.ufpel.edu.br\/inova\/#\/schema\/person\/ff2f7760b01f8fa998d71e7c6dac2592\"},\"headline\":\"Incubadora Conectar conquista certifica\u00e7\u00e3o CERNE 1\",\"datePublished\":\"2026-03-14T00:17:24+00:00\",\"mainEntityOfPage\":{\"@id\":\"https:\/\/wp.ufpel.edu.br\/inova\/2026\/03\/13\/incubadora-conectar-conquista-certificacao-cerne-1\/\"},\"wordCount\":221,\"publisher\":{\"@id\":\"https:\/\/wp.ufpel.edu.br\/inova\/#organization\"},\"image\":{\"@id\":\"https:\/\/wp.ufpel.edu.br\/inova\/2026\/03\/13\/incubadora-conectar-conquista-certificacao-cerne-1\/#primaryimage\"},\"thumbnailUrl\":\"https:\/\/wp.ufpel.edu.br\/inova\/files\/2026\/03\/WhatsApp-Image-2026-03-11-at-15.55.13-683x1024.jpeg\",\"articleSection\":[\"Not\u00edcias\"],\"inLanguage\":\"pt-BR\"},{\"@type\":\"WebPage\",\"@id\":\"https:\/\/wp.ufpel.edu.br\/inova\/2026\/03\/13\/incubadora-conectar-conquista-certificacao-cerne-1\/\",\"url\":\"https:\/\/wp.ufpel.edu.br\/inova\/2026\/03\/13\/incubadora-conectar-conquista-certificacao-cerne-1\/\",\"name\":\"Incubadora Conectar conquista certifica\u00e7\u00e3o CERNE 1 - INOVA - Superintend\u00eancia de Inova\u00e7\u00e3o e Desenvolvimento Interinstitucional\",\"isPartOf\":{\"@id\":\"https:\/\/wp.ufpel.edu.br\/inova\/#website\"},\"primaryImageOfPage\":{\"@id\":\"https:\/\/wp.ufpel.edu.br\/inova\/2026\/03\/13\/incubadora-conectar-conquista-certificacao-cerne-1\/#primaryimage\"},\"image\":{\"@id\":\"https:\/\/wp.ufpel.edu.br\/inova\/2026\/03\/13\/incubadora-conectar-conquista-certificacao-cerne-1\/#primaryimage\"},\"thumbnailUrl\":\"https:\/\/wp.ufpel.edu.br\/inova\/files\/2026\/03\/WhatsApp-Image-2026-03-11-at-15.55.13-683x1024.jpeg\",\"datePublished\":\"2026-03-14T00:17:24+00:00\",\"breadcrumb\":{\"@id\":\"https:\/\/wp.ufpel.edu.br\/inova\/2026\/03\/13\/incubadora-conectar-conquista-certificacao-cerne-1\/#breadcrumb\"},\"inLanguage\":\"pt-BR\",\"potentialAction\":[{\"@type\":\"ReadAction\",\"target\":[\"https:\/\/wp.ufpel.edu.br\/inova\/2026\/03\/13\/incubadora-conectar-conquista-certificacao-cerne-1\/\"]}]},{\"@type\":\"ImageObject\",\"inLanguage\":\"pt-BR\",\"@id\":\"https:\/\/wp.ufpel.edu.br\/inova\/2026\/03\/13\/incubadora-conectar-conquista-certificacao-cerne-1\/#primaryimage\",\"url\":\"https:\/\/wp.ufpel.edu.br\/inova\/files\/2026\/03\/WhatsApp-Image-2026-03-11-at-15.55.13.jpeg\",\"contentUrl\":\"https:\/\/wp.ufpel.edu.br\/inova\/files\/2026\/03\/WhatsApp-Image-2026-03-11-at-15.55.13.jpeg\",\"width\":1024,\"height\":1536},{\"@type\":\"BreadcrumbList\",\"@id\":\"https:\/\/wp.ufpel.edu.br\/inova\/2026\/03\/13\/incubadora-conectar-conquista-certificacao-cerne-1\/#breadcrumb\",\"itemListElement\":[{\"@type\":\"ListItem\",\"position\":1,\"name\":\"In\u00edcio\",\"item\":\"https:\/\/wp.ufpel.edu.br\/inova\/\"},{\"@type\":\"ListItem\",\"position\":2,\"name\":\"Incubadora Conectar conquista certifica\u00e7\u00e3o CERNE 1\"}]},{\"@type\":\"WebSite\",\"@id\":\"https:\/\/wp.ufpel.edu.br\/inova\/#website\",\"url\":\"https:\/\/wp.ufpel.edu.br\/inova\/\",\"name\":\"INOVA - Superintend\u00eancia de Inova\u00e7\u00e3o e Desenvolvimento Interinstitucional\",\"description\":\"Ag\u00eancia de Inova\u00e7\u00e3o da UFPel\",\"publisher\":{\"@id\":\"https:\/\/wp.ufpel.edu.br\/inova\/#organization\"},\"potentialAction\":[{\"@type\":\"SearchAction\",\"target\":{\"@type\":\"EntryPoint\",\"urlTemplate\":\"https:\/\/wp.ufpel.edu.br\/inova\/?s={search_term_string}\"},\"query-input\":{\"@type\":\"PropertyValueSpecification\",\"valueRequired\":true,\"valueName\":\"search_term_string\"}}],\"inLanguage\":\"pt-BR\"},{\"@type\":\"Organization\",\"@id\":\"https:\/\/wp.ufpel.edu.br\/inova\/#organization\",\"name\":\"INOVA - Superintend\u00eancia de Inova\u00e7\u00e3o e Desenvolvimento Interinstitucional\",\"url\":\"https:\/\/wp.ufpel.edu.br\/inova\/\",\"logo\":{\"@type\":\"ImageObject\",\"inLanguage\":\"pt-BR\",\"@id\":\"https:\/\/wp.ufpel.edu.br\/inova\/#\/schema\/logo\/image\/\",\"url\":\"https:\/\/wp.ufpel.edu.br\/inova\/files\/2026\/03\/cropped-cropped-TIPOGRAFIA_AZUL_02-scaled-1.png\",\"contentUrl\":\"https:\/\/wp.ufpel.edu.br\/inova\/files\/2026\/03\/cropped-cropped-TIPOGRAFIA_AZUL_02-scaled-1.png\",\"width\":511,\"height\":511,\"caption\":\"INOVA - Superintend\u00eancia de Inova\u00e7\u00e3o e Desenvolvimento Interinstitucional\"},\"image\":{\"@id\":\"https:\/\/wp.ufpel.edu.br\/inova\/#\/schema\/logo\/image\/\"}},{\"@type\":\"Person\",\"@id\":\"https:\/\/wp.ufpel.edu.br\/inova\/#\/schema\/person\/ff2f7760b01f8fa998d71e7c6dac2592\",\"name\":\"dai\",\"image\":{\"@type\":\"ImageObject\",\"inLanguage\":\"pt-BR\",\"@id\":\"https:\/\/wp.ufpel.edu.br\/inova\/#\/schema\/person\/image\/\",\"url\":\"https:\/\/secure.gravatar.com\/avatar\/234abe335dcae7ee76234f1b5d2ffb7ec8d56d8620122b225fbf2085b540a6ee?s=96&d=mm&r=g\",\"contentUrl\":\"https:\/\/secure.gravatar.com\/avatar\/234abe335dcae7ee76234f1b5d2ffb7ec8d56d8620122b225fbf2085b540a6ee?s=96&d=mm&r=g\",\"caption\":\"dai\"},\"url\":\"https:\/\/wp.ufpel.edu.br\/inova\/author\/dai\/\"}]}<\/script>\n<!-- \/ Yoast SEO plugin. -->","yoast_head_json":{"title":"Incubadora Conectar conquista certifica\u00e7\u00e3o CERNE 1 - INOVA - Superintend\u00eancia de Inova\u00e7\u00e3o e Desenvolvimento Interinstitucional","robots":{"index":"index","follow":"follow","max-snippet":"max-snippet:-1","max-image-preview":"max-image-preview:large","max-video-preview":"max-video-preview:-1"},"canonical":"https:\/\/wp.ufpel.edu.br\/inova\/2026\/03\/13\/incubadora-conectar-conquista-certificacao-cerne-1\/","og_locale":"pt_BR","og_type":"article","og_title":"Incubadora Conectar conquista certifica\u00e7\u00e3o CERNE 1 - INOVA - Superintend\u00eancia de Inova\u00e7\u00e3o e Desenvolvimento Interinstitucional","og_description":"A Incubadora de Base Tecnol\u00f3gica Conectar, vinculada \u00e0 Universidade Federal de Pelotas (UFPel), conquistou a certifica\u00e7\u00e3o CERNE 1 (Centro de Refer\u00eancia para Apoio a Novos Empreendimentos), um reconhecimento que atesta a qualidade e a efici\u00eancia dos processos de gest\u00e3o da incubadora. O modelo CERNE foi desenvolvido para qualificar a atua\u00e7\u00e3o de incubadoras de empresas, parques [&hellip;]","og_url":"https:\/\/wp.ufpel.edu.br\/inova\/2026\/03\/13\/incubadora-conectar-conquista-certificacao-cerne-1\/","og_site_name":"INOVA - Superintend\u00eancia de Inova\u00e7\u00e3o e Desenvolvimento Interinstitucional","article_published_time":"2026-03-14T00:17:24+00:00","og_image":[{"width":1024,"height":1536,"url":"https:\/\/wp.ufpel.edu.br\/inova\/files\/2026\/03\/WhatsApp-Image-2026-03-11-at-15.55.13.jpeg","type":"image\/jpeg"}],"author":"dai","twitter_card":"summary_large_image","twitter_misc":{"Escrito por":"dai","Est. tempo de leitura":"2 minutos"},"schema":{"@context":"https:\/\/schema.org","@graph":[{"@type":"Article","@id":"https:\/\/wp.ufpel.edu.br\/inova\/2026\/03\/13\/incubadora-conectar-conquista-certificacao-cerne-1\/#article","isPartOf":{"@id":"https:\/\/wp.ufpel.edu.br\/inova\/2026\/03\/13\/incubadora-conectar-conquista-certificacao-cerne-1\/"},"author":{"name":"dai","@id":"https:\/\/wp.ufpel.edu.br\/inova\/#\/schema\/person\/ff2f7760b01f8fa998d71e7c6dac2592"},"headline":"Incubadora Conectar conquista certifica\u00e7\u00e3o CERNE 1","datePublished":"2026-03-14T00:17:24+00:00","mainEntityOfPage":{"@id":"https:\/\/wp.ufpel.edu.br\/inova\/2026\/03\/13\/incubadora-conectar-conquista-certificacao-cerne-1\/"},"wordCount":221,"publisher":{"@id":"https:\/\/wp.ufpel.edu.br\/inova\/#organization"},"image":{"@id":"https:\/\/wp.ufpel.edu.br\/inova\/2026\/03\/13\/incubadora-conectar-conquista-certificacao-cerne-1\/#primaryimage"},"thumbnailUrl":"https:\/\/wp.ufpel.edu.br\/inova\/files\/2026\/03\/WhatsApp-Image-2026-03-11-at-15.55.13-683x1024.jpeg","articleSection":["Not\u00edcias"],"inLanguage":"pt-BR"},{"@type":"WebPage","@id":"https:\/\/wp.ufpel.edu.br\/inova\/2026\/03\/13\/incubadora-conectar-conquista-certificacao-cerne-1\/","url":"https:\/\/wp.ufpel.edu.br\/inova\/2026\/03\/13\/incubadora-conectar-conquista-certificacao-cerne-1\/","name":"Incubadora Conectar conquista certifica\u00e7\u00e3o CERNE 1 - INOVA - Superintend\u00eancia de Inova\u00e7\u00e3o e Desenvolvimento Interinstitucional","isPartOf":{"@id":"https:\/\/wp.ufpel.edu.br\/inova\/#website"},"primaryImageOfPage":{"@id":"https:\/\/wp.ufpel.edu.br\/inova\/2026\/03\/13\/incubadora-conectar-conquista-certificacao-cerne-1\/#primaryimage"},"image":{"@id":"https:\/\/wp.ufpel.edu.br\/inova\/2026\/03\/13\/incubadora-conectar-conquista-certificacao-cerne-1\/#primaryimage"},"thumbnailUrl":"https:\/\/wp.ufpel.edu.br\/inova\/files\/2026\/03\/WhatsApp-Image-2026-03-11-at-15.55.13-683x1024.jpeg","datePublished":"2026-03-14T00:17:24+00:00","breadcrumb":{"@id":"https:\/\/wp.ufpel.edu.br\/inova\/2026\/03\/13\/incubadora-conectar-conquista-certificacao-cerne-1\/#breadcrumb"},"inLanguage":"pt-BR","potentialAction":[{"@type":"ReadAction","target":["https:\/\/wp.ufpel.edu.br\/inova\/2026\/03\/13\/incubadora-conectar-conquista-certificacao-cerne-1\/"]}]},{"@type":"ImageObject","inLanguage":"pt-BR","@id":"https:\/\/wp.ufpel.edu.br\/inova\/2026\/03\/13\/incubadora-conectar-conquista-certificacao-cerne-1\/#primaryimage","url":"https:\/\/wp.ufpel.edu.br\/inova\/files\/2026\/03\/WhatsApp-Image-2026-03-11-at-15.55.13.jpeg","contentUrl":"https:\/\/wp.ufpel.edu.br\/inova\/files\/2026\/03\/WhatsApp-Image-2026-03-11-at-15.55.13.jpeg","width":1024,"height":1536},{"@type":"BreadcrumbList","@id":"https:\/\/wp.ufpel.edu.br\/inova\/2026\/03\/13\/incubadora-conectar-conquista-certificacao-cerne-1\/#breadcrumb","itemListElement":[{"@type":"ListItem","position":1,"name":"In\u00edcio","item":"https:\/\/wp.ufpel.edu.br\/inova\/"},{"@type":"ListItem","position":2,"name":"Incubadora Conectar conquista certifica\u00e7\u00e3o CERNE 1"}]},{"@type":"WebSite","@id":"https:\/\/wp.ufpel.edu.br\/inova\/#website","url":"https:\/\/wp.ufpel.edu.br\/inova\/","name":"INOVA - Superintend\u00eancia de Inova\u00e7\u00e3o e Desenvolvimento Interinstitucional","description":"Ag\u00eancia de Inova\u00e7\u00e3o da UFPel","publisher":{"@id":"https:\/\/wp.ufpel.edu.br\/inova\/#organization"},"potentialAction":[{"@type":"SearchAction","target":{"@type":"EntryPoint","urlTemplate":"https:\/\/wp.ufpel.edu.br\/inova\/?s={search_term_string}"},"query-input":{"@type":"PropertyValueSpecification","valueRequired":true,"valueName":"search_term_string"}}],"inLanguage":"pt-BR"},{"@type":"Organization","@id":"https:\/\/wp.ufpel.edu.br\/inova\/#organization","name":"INOVA - Superintend\u00eancia de Inova\u00e7\u00e3o e Desenvolvimento Interinstitucional","url":"https:\/\/wp.ufpel.edu.br\/inova\/","logo":{"@type":"ImageObject","inLanguage":"pt-BR","@id":"https:\/\/wp.ufpel.edu.br\/inova\/#\/schema\/logo\/image\/","url":"https:\/\/wp.ufpel.edu.br\/inova\/files\/2026\/03\/cropped-cropped-TIPOGRAFIA_AZUL_02-scaled-1.png","contentUrl":"https:\/\/wp.ufpel.edu.br\/inova\/files\/2026\/03\/cropped-cropped-TIPOGRAFIA_AZUL_02-scaled-1.png","width":511,"height":511,"caption":"INOVA - Superintend\u00eancia de Inova\u00e7\u00e3o e Desenvolvimento Interinstitucional"},"image":{"@id":"https:\/\/wp.ufpel.edu.br\/inova\/#\/schema\/logo\/image\/"}},{"@type":"Person","@id":"https:\/\/wp.ufpel.edu.br\/inova\/#\/schema\/person\/ff2f7760b01f8fa998d71e7c6dac2592","name":"dai","image":{"@type":"ImageObject","inLanguage":"pt-BR","@id":"https:\/\/wp.ufpel.edu.br\/inova\/#\/schema\/person\/image\/","url":"https:\/\/secure.gravatar.com\/avatar\/234abe335dcae7ee76234f1b5d2ffb7ec8d56d8620122b225fbf2085b540a6ee?s=96&d=mm&r=g","contentUrl":"https:\/\/secure.gravatar.com\/avatar\/234abe335dcae7ee76234f1b5d2ffb7ec8d56d8620122b225fbf2085b540a6ee?s=96&d=mm&r=g","caption":"dai"},"url":"https:\/\/wp.ufpel.edu.br\/inova\/author\/dai\/"}]}},"jetpack_featured_media_url":"","jetpack_sharing_enabled":true,"_links":{"self":[{"href":"https:\/\/wp.ufpel.edu.br\/inova\/wp-json\/wp\/v2\/posts\/872","targetHints":{"allow":["GET"]}}],"collection":[{"href":"https:\/\/wp.ufpel.edu.br\/inova\/wp-json\/wp\/v2\/posts"}],"about":[{"href":"https:\/\/wp.ufpel.edu.br\/inova\/wp-json\/wp\/v2\/types\/post"}],"author":[{"embeddable":true,"href":"https:\/\/wp.ufpel.edu.br\/inova\/wp-json\/wp\/v2\/users\/905"}],"replies":[{"embeddable":true,"href":"https:\/\/wp.ufpel.edu.br\/inova\/wp-json\/wp\/v2\/comments?post=872"}],"version-history":[{"count":1,"href":"https:\/\/wp.ufpel.edu.br\/inova\/wp-json\/wp\/v2\/posts\/872\/revisions"}],"predecessor-version":[{"id":875,"href":"https:\/\/wp.ufpel.edu.br\/inova\/wp-json\/wp\/v2\/posts\/872\/revisions\/875"}],"wp:attachment":[{"href":"https:\/\/wp.ufpel.edu.br\/inova\/wp-json\/wp\/v2\/media?parent=872"}],"wp:term":[{"taxonomy":"category","embeddable":true,"href":"https:\/\/wp.ufpel.edu.br\/inova\/wp-json\/wp\/v2\/categories?post=872"},{"taxonomy":"post_tag","embeddable":true,"href":"https:\/\/wp.ufpel.edu.br\/inova\/wp-json\/wp\/v2\/tags?post=872"}],"curies":[{"name":"wp","href":"https:\/\/api.w.org\/{rel}","templated":true}]}}