{"id":738,"date":"2025-02-27T20:16:33","date_gmt":"2025-02-27T23:16:33","guid":{"rendered":"https:\/\/wp.ufpel.edu.br\/inova\/?p=738"},"modified":"2025-02-27T20:16:33","modified_gmt":"2025-02-27T23:16:33","slug":"divulgacao-da-nota-final-para-bdi-2025-inova","status":"publish","type":"post","link":"https:\/\/wp.ufpel.edu.br\/inova\/2025\/02\/27\/divulgacao-da-nota-final-para-bdi-2025-inova\/","title":{"rendered":"Divulga\u00e7\u00e3o da nota final para BDI 2025 \u2013 INOVA"},"content":{"rendered":"<p>A INOVA divulga as notas finais para a BDI 2025:<\/p>\n<p><strong>Vaga de Apoio \u00e0 Organiza\u00e7\u00e3o de Eventos \u2013 Ampla Concorr\u00eancia<a href=\"https:\/\/wp.ufpel.edu.br\/inova\/files\/2025\/02\/Captura-de-tela-2025-02-27-201525.png\"><img loading=\"lazy\" decoding=\"async\" class=\"aligncenter size-full wp-image-741\" src=\"https:\/\/wp.ufpel.edu.br\/inova\/files\/2025\/02\/Captura-de-tela-2025-02-27-201525.png\" alt=\"\" width=\"786\" height=\"215\" srcset=\"https:\/\/wp.ufpel.edu.br\/inova\/files\/2025\/02\/Captura-de-tela-2025-02-27-201525.png 786w, https:\/\/wp.ufpel.edu.br\/inova\/files\/2025\/02\/Captura-de-tela-2025-02-27-201525-400x109.png 400w, https:\/\/wp.ufpel.edu.br\/inova\/files\/2025\/02\/Captura-de-tela-2025-02-27-201525-768x210.png 768w\" sizes=\"auto, (max-width: 786px) 100vw, 786px\" \/><\/a><\/strong><\/p>\n<p><strong>Vaga de Apoio Administrativo \u2013 A\u00e7\u00f5es Afirmativas<\/strong><\/p>\n<p><strong><a href=\"https:\/\/wp.ufpel.edu.br\/inova\/files\/2025\/02\/Captura-de-tela-2025-02-27-201601.png\"><img loading=\"lazy\" decoding=\"async\" class=\"aligncenter size-full wp-image-742\" src=\"https:\/\/wp.ufpel.edu.br\/inova\/files\/2025\/02\/Captura-de-tela-2025-02-27-201601.png\" alt=\"\" width=\"788\" height=\"155\" srcset=\"https:\/\/wp.ufpel.edu.br\/inova\/files\/2025\/02\/Captura-de-tela-2025-02-27-201601.png 788w, https:\/\/wp.ufpel.edu.br\/inova\/files\/2025\/02\/Captura-de-tela-2025-02-27-201601-400x79.png 400w, https:\/\/wp.ufpel.edu.br\/inova\/files\/2025\/02\/Captura-de-tela-2025-02-27-201601-768x151.png 768w\" sizes=\"auto, (max-width: 788px) 100vw, 788px\" \/><\/a><\/strong><\/p>\n","protected":false},"excerpt":{"rendered":"<p>A INOVA divulga as notas finais para a BDI 2025: Vaga de Apoio \u00e0 Organiza\u00e7\u00e3o de Eventos \u2013 Ampla Concorr\u00eancia Vaga de Apoio Administrativo \u2013 A\u00e7\u00f5es Afirmativas<\/p>\n","protected":false},"author":905,"featured_media":0,"comment_status":"closed","ping_status":"closed","sticky":false,"template":"","format":"standard","meta":{"_jetpack_memberships_contains_paid_content":false,"footnotes":""},"categories":[1],"tags":[],"class_list":["post-738","post","type-post","status-publish","format-standard","hentry","category-noticias"],"yoast_head":"<!-- This site is optimized with the Yoast SEO plugin v26.7 - https:\/\/yoast.com\/wordpress\/plugins\/seo\/ -->\n<title>Divulga\u00e7\u00e3o da nota final para BDI 2025 \u2013 INOVA - INOVA - Superintend\u00eancia de Inova\u00e7\u00e3o e Desenvolvimento Interinstitucional<\/title>\n<meta name=\"robots\" content=\"index, follow, max-snippet:-1, max-image-preview:large, max-video-preview:-1\" \/>\n<link rel=\"canonical\" href=\"https:\/\/wp.ufpel.edu.br\/inova\/2025\/02\/27\/divulgacao-da-nota-final-para-bdi-2025-inova\/\" \/>\n<meta property=\"og:locale\" content=\"pt_BR\" \/>\n<meta property=\"og:type\" content=\"article\" \/>\n<meta property=\"og:title\" content=\"Divulga\u00e7\u00e3o da nota final para BDI 2025 \u2013 INOVA - INOVA - Superintend\u00eancia de Inova\u00e7\u00e3o e Desenvolvimento Interinstitucional\" \/>\n<meta property=\"og:description\" content=\"A INOVA divulga as notas finais para a BDI 2025: Vaga de Apoio \u00e0 Organiza\u00e7\u00e3o de Eventos \u2013 Ampla Concorr\u00eancia Vaga de Apoio Administrativo \u2013 A\u00e7\u00f5es Afirmativas\" \/>\n<meta property=\"og:url\" content=\"https:\/\/wp.ufpel.edu.br\/inova\/2025\/02\/27\/divulgacao-da-nota-final-para-bdi-2025-inova\/\" \/>\n<meta property=\"og:site_name\" content=\"INOVA - Superintend\u00eancia de Inova\u00e7\u00e3o e Desenvolvimento Interinstitucional\" \/>\n<meta property=\"article:published_time\" content=\"2025-02-27T23:16:33+00:00\" \/>\n<meta property=\"og:image\" content=\"https:\/\/wp.ufpel.edu.br\/inova\/files\/2025\/02\/Captura-de-tela-2025-02-27-201525.png\" \/>\n\t<meta property=\"og:image:width\" content=\"786\" \/>\n\t<meta property=\"og:image:height\" content=\"215\" \/>\n\t<meta property=\"og:image:type\" content=\"image\/png\" \/>\n<meta name=\"author\" content=\"dai\" \/>\n<meta name=\"twitter:card\" content=\"summary_large_image\" \/>\n<meta name=\"twitter:label1\" content=\"Escrito por\" \/>\n\t<meta name=\"twitter:data1\" content=\"dai\" \/>\n\t<meta name=\"twitter:label2\" content=\"Est. tempo de leitura\" \/>\n\t<meta name=\"twitter:data2\" content=\"1 minuto\" \/>\n<script type=\"application\/ld+json\" class=\"yoast-schema-graph\">{\"@context\":\"https:\/\/schema.org\",\"@graph\":[{\"@type\":\"Article\",\"@id\":\"https:\/\/wp.ufpel.edu.br\/inova\/2025\/02\/27\/divulgacao-da-nota-final-para-bdi-2025-inova\/#article\",\"isPartOf\":{\"@id\":\"https:\/\/wp.ufpel.edu.br\/inova\/2025\/02\/27\/divulgacao-da-nota-final-para-bdi-2025-inova\/\"},\"author\":{\"name\":\"dai\",\"@id\":\"https:\/\/wp.ufpel.edu.br\/inova\/#\/schema\/person\/ff2f7760b01f8fa998d71e7c6dac2592\"},\"headline\":\"Divulga\u00e7\u00e3o da nota final para BDI 2025 \u2013 INOVA\",\"datePublished\":\"2025-02-27T23:16:33+00:00\",\"mainEntityOfPage\":{\"@id\":\"https:\/\/wp.ufpel.edu.br\/inova\/2025\/02\/27\/divulgacao-da-nota-final-para-bdi-2025-inova\/\"},\"wordCount\":34,\"publisher\":{\"@id\":\"https:\/\/wp.ufpel.edu.br\/inova\/#organization\"},\"image\":{\"@id\":\"https:\/\/wp.ufpel.edu.br\/inova\/2025\/02\/27\/divulgacao-da-nota-final-para-bdi-2025-inova\/#primaryimage\"},\"thumbnailUrl\":\"https:\/\/wp.ufpel.edu.br\/inova\/files\/2025\/02\/Captura-de-tela-2025-02-27-201525.png\",\"articleSection\":[\"Not\u00edcias\"],\"inLanguage\":\"pt-BR\"},{\"@type\":\"WebPage\",\"@id\":\"https:\/\/wp.ufpel.edu.br\/inova\/2025\/02\/27\/divulgacao-da-nota-final-para-bdi-2025-inova\/\",\"url\":\"https:\/\/wp.ufpel.edu.br\/inova\/2025\/02\/27\/divulgacao-da-nota-final-para-bdi-2025-inova\/\",\"name\":\"Divulga\u00e7\u00e3o da nota final para BDI 2025 \u2013 INOVA - INOVA - Superintend\u00eancia de Inova\u00e7\u00e3o e Desenvolvimento Interinstitucional\",\"isPartOf\":{\"@id\":\"https:\/\/wp.ufpel.edu.br\/inova\/#website\"},\"primaryImageOfPage\":{\"@id\":\"https:\/\/wp.ufpel.edu.br\/inova\/2025\/02\/27\/divulgacao-da-nota-final-para-bdi-2025-inova\/#primaryimage\"},\"image\":{\"@id\":\"https:\/\/wp.ufpel.edu.br\/inova\/2025\/02\/27\/divulgacao-da-nota-final-para-bdi-2025-inova\/#primaryimage\"},\"thumbnailUrl\":\"https:\/\/wp.ufpel.edu.br\/inova\/files\/2025\/02\/Captura-de-tela-2025-02-27-201525.png\",\"datePublished\":\"2025-02-27T23:16:33+00:00\",\"breadcrumb\":{\"@id\":\"https:\/\/wp.ufpel.edu.br\/inova\/2025\/02\/27\/divulgacao-da-nota-final-para-bdi-2025-inova\/#breadcrumb\"},\"inLanguage\":\"pt-BR\",\"potentialAction\":[{\"@type\":\"ReadAction\",\"target\":[\"https:\/\/wp.ufpel.edu.br\/inova\/2025\/02\/27\/divulgacao-da-nota-final-para-bdi-2025-inova\/\"]}]},{\"@type\":\"ImageObject\",\"inLanguage\":\"pt-BR\",\"@id\":\"https:\/\/wp.ufpel.edu.br\/inova\/2025\/02\/27\/divulgacao-da-nota-final-para-bdi-2025-inova\/#primaryimage\",\"url\":\"https:\/\/wp.ufpel.edu.br\/inova\/files\/2025\/02\/Captura-de-tela-2025-02-27-201525.png\",\"contentUrl\":\"https:\/\/wp.ufpel.edu.br\/inova\/files\/2025\/02\/Captura-de-tela-2025-02-27-201525.png\"},{\"@type\":\"BreadcrumbList\",\"@id\":\"https:\/\/wp.ufpel.edu.br\/inova\/2025\/02\/27\/divulgacao-da-nota-final-para-bdi-2025-inova\/#breadcrumb\",\"itemListElement\":[{\"@type\":\"ListItem\",\"position\":1,\"name\":\"In\u00edcio\",\"item\":\"https:\/\/wp.ufpel.edu.br\/inova\/\"},{\"@type\":\"ListItem\",\"position\":2,\"name\":\"Divulga\u00e7\u00e3o da nota final para BDI 2025 \u2013 INOVA\"}]},{\"@type\":\"WebSite\",\"@id\":\"https:\/\/wp.ufpel.edu.br\/inova\/#website\",\"url\":\"https:\/\/wp.ufpel.edu.br\/inova\/\",\"name\":\"INOVA - Superintend\u00eancia de Inova\u00e7\u00e3o e Desenvolvimento Interinstitucional\",\"description\":\"Ag\u00eancia de Inova\u00e7\u00e3o da UFPel\",\"publisher\":{\"@id\":\"https:\/\/wp.ufpel.edu.br\/inova\/#organization\"},\"potentialAction\":[{\"@type\":\"SearchAction\",\"target\":{\"@type\":\"EntryPoint\",\"urlTemplate\":\"https:\/\/wp.ufpel.edu.br\/inova\/?s={search_term_string}\"},\"query-input\":{\"@type\":\"PropertyValueSpecification\",\"valueRequired\":true,\"valueName\":\"search_term_string\"}}],\"inLanguage\":\"pt-BR\"},{\"@type\":\"Organization\",\"@id\":\"https:\/\/wp.ufpel.edu.br\/inova\/#organization\",\"name\":\"INOVA - Superintend\u00eancia de Inova\u00e7\u00e3o e Desenvolvimento Interinstitucional\",\"url\":\"https:\/\/wp.ufpel.edu.br\/inova\/\",\"logo\":{\"@type\":\"ImageObject\",\"inLanguage\":\"pt-BR\",\"@id\":\"https:\/\/wp.ufpel.edu.br\/inova\/#\/schema\/logo\/image\/\",\"url\":\"https:\/\/wp.ufpel.edu.br\/inova\/files\/2026\/03\/cropped-cropped-TIPOGRAFIA_AZUL_02-scaled-1.png\",\"contentUrl\":\"https:\/\/wp.ufpel.edu.br\/inova\/files\/2026\/03\/cropped-cropped-TIPOGRAFIA_AZUL_02-scaled-1.png\",\"width\":511,\"height\":511,\"caption\":\"INOVA - Superintend\u00eancia de Inova\u00e7\u00e3o e Desenvolvimento Interinstitucional\"},\"image\":{\"@id\":\"https:\/\/wp.ufpel.edu.br\/inova\/#\/schema\/logo\/image\/\"}},{\"@type\":\"Person\",\"@id\":\"https:\/\/wp.ufpel.edu.br\/inova\/#\/schema\/person\/ff2f7760b01f8fa998d71e7c6dac2592\",\"name\":\"dai\",\"image\":{\"@type\":\"ImageObject\",\"inLanguage\":\"pt-BR\",\"@id\":\"https:\/\/wp.ufpel.edu.br\/inova\/#\/schema\/person\/image\/\",\"url\":\"https:\/\/secure.gravatar.com\/avatar\/234abe335dcae7ee76234f1b5d2ffb7ec8d56d8620122b225fbf2085b540a6ee?s=96&d=mm&r=g\",\"contentUrl\":\"https:\/\/secure.gravatar.com\/avatar\/234abe335dcae7ee76234f1b5d2ffb7ec8d56d8620122b225fbf2085b540a6ee?s=96&d=mm&r=g\",\"caption\":\"dai\"},\"url\":\"https:\/\/wp.ufpel.edu.br\/inova\/author\/dai\/\"}]}<\/script>\n<!-- \/ Yoast SEO plugin. -->","yoast_head_json":{"title":"Divulga\u00e7\u00e3o da nota final para BDI 2025 \u2013 INOVA - INOVA - Superintend\u00eancia de Inova\u00e7\u00e3o e Desenvolvimento Interinstitucional","robots":{"index":"index","follow":"follow","max-snippet":"max-snippet:-1","max-image-preview":"max-image-preview:large","max-video-preview":"max-video-preview:-1"},"canonical":"https:\/\/wp.ufpel.edu.br\/inova\/2025\/02\/27\/divulgacao-da-nota-final-para-bdi-2025-inova\/","og_locale":"pt_BR","og_type":"article","og_title":"Divulga\u00e7\u00e3o da nota final para BDI 2025 \u2013 INOVA - INOVA - Superintend\u00eancia de Inova\u00e7\u00e3o e Desenvolvimento Interinstitucional","og_description":"A INOVA divulga as notas finais para a BDI 2025: Vaga de Apoio \u00e0 Organiza\u00e7\u00e3o de Eventos \u2013 Ampla Concorr\u00eancia Vaga de Apoio Administrativo \u2013 A\u00e7\u00f5es Afirmativas","og_url":"https:\/\/wp.ufpel.edu.br\/inova\/2025\/02\/27\/divulgacao-da-nota-final-para-bdi-2025-inova\/","og_site_name":"INOVA - Superintend\u00eancia de Inova\u00e7\u00e3o e Desenvolvimento Interinstitucional","article_published_time":"2025-02-27T23:16:33+00:00","og_image":[{"width":786,"height":215,"url":"https:\/\/wp.ufpel.edu.br\/inova\/files\/2025\/02\/Captura-de-tela-2025-02-27-201525.png","type":"image\/png"}],"author":"dai","twitter_card":"summary_large_image","twitter_misc":{"Escrito por":"dai","Est. tempo de leitura":"1 minuto"},"schema":{"@context":"https:\/\/schema.org","@graph":[{"@type":"Article","@id":"https:\/\/wp.ufpel.edu.br\/inova\/2025\/02\/27\/divulgacao-da-nota-final-para-bdi-2025-inova\/#article","isPartOf":{"@id":"https:\/\/wp.ufpel.edu.br\/inova\/2025\/02\/27\/divulgacao-da-nota-final-para-bdi-2025-inova\/"},"author":{"name":"dai","@id":"https:\/\/wp.ufpel.edu.br\/inova\/#\/schema\/person\/ff2f7760b01f8fa998d71e7c6dac2592"},"headline":"Divulga\u00e7\u00e3o da nota final para BDI 2025 \u2013 INOVA","datePublished":"2025-02-27T23:16:33+00:00","mainEntityOfPage":{"@id":"https:\/\/wp.ufpel.edu.br\/inova\/2025\/02\/27\/divulgacao-da-nota-final-para-bdi-2025-inova\/"},"wordCount":34,"publisher":{"@id":"https:\/\/wp.ufpel.edu.br\/inova\/#organization"},"image":{"@id":"https:\/\/wp.ufpel.edu.br\/inova\/2025\/02\/27\/divulgacao-da-nota-final-para-bdi-2025-inova\/#primaryimage"},"thumbnailUrl":"https:\/\/wp.ufpel.edu.br\/inova\/files\/2025\/02\/Captura-de-tela-2025-02-27-201525.png","articleSection":["Not\u00edcias"],"inLanguage":"pt-BR"},{"@type":"WebPage","@id":"https:\/\/wp.ufpel.edu.br\/inova\/2025\/02\/27\/divulgacao-da-nota-final-para-bdi-2025-inova\/","url":"https:\/\/wp.ufpel.edu.br\/inova\/2025\/02\/27\/divulgacao-da-nota-final-para-bdi-2025-inova\/","name":"Divulga\u00e7\u00e3o da nota final para BDI 2025 \u2013 INOVA - INOVA - Superintend\u00eancia de Inova\u00e7\u00e3o e Desenvolvimento Interinstitucional","isPartOf":{"@id":"https:\/\/wp.ufpel.edu.br\/inova\/#website"},"primaryImageOfPage":{"@id":"https:\/\/wp.ufpel.edu.br\/inova\/2025\/02\/27\/divulgacao-da-nota-final-para-bdi-2025-inova\/#primaryimage"},"image":{"@id":"https:\/\/wp.ufpel.edu.br\/inova\/2025\/02\/27\/divulgacao-da-nota-final-para-bdi-2025-inova\/#primaryimage"},"thumbnailUrl":"https:\/\/wp.ufpel.edu.br\/inova\/files\/2025\/02\/Captura-de-tela-2025-02-27-201525.png","datePublished":"2025-02-27T23:16:33+00:00","breadcrumb":{"@id":"https:\/\/wp.ufpel.edu.br\/inova\/2025\/02\/27\/divulgacao-da-nota-final-para-bdi-2025-inova\/#breadcrumb"},"inLanguage":"pt-BR","potentialAction":[{"@type":"ReadAction","target":["https:\/\/wp.ufpel.edu.br\/inova\/2025\/02\/27\/divulgacao-da-nota-final-para-bdi-2025-inova\/"]}]},{"@type":"ImageObject","inLanguage":"pt-BR","@id":"https:\/\/wp.ufpel.edu.br\/inova\/2025\/02\/27\/divulgacao-da-nota-final-para-bdi-2025-inova\/#primaryimage","url":"https:\/\/wp.ufpel.edu.br\/inova\/files\/2025\/02\/Captura-de-tela-2025-02-27-201525.png","contentUrl":"https:\/\/wp.ufpel.edu.br\/inova\/files\/2025\/02\/Captura-de-tela-2025-02-27-201525.png"},{"@type":"BreadcrumbList","@id":"https:\/\/wp.ufpel.edu.br\/inova\/2025\/02\/27\/divulgacao-da-nota-final-para-bdi-2025-inova\/#breadcrumb","itemListElement":[{"@type":"ListItem","position":1,"name":"In\u00edcio","item":"https:\/\/wp.ufpel.edu.br\/inova\/"},{"@type":"ListItem","position":2,"name":"Divulga\u00e7\u00e3o da nota final para BDI 2025 \u2013 INOVA"}]},{"@type":"WebSite","@id":"https:\/\/wp.ufpel.edu.br\/inova\/#website","url":"https:\/\/wp.ufpel.edu.br\/inova\/","name":"INOVA - Superintend\u00eancia de Inova\u00e7\u00e3o e Desenvolvimento Interinstitucional","description":"Ag\u00eancia de Inova\u00e7\u00e3o da UFPel","publisher":{"@id":"https:\/\/wp.ufpel.edu.br\/inova\/#organization"},"potentialAction":[{"@type":"SearchAction","target":{"@type":"EntryPoint","urlTemplate":"https:\/\/wp.ufpel.edu.br\/inova\/?s={search_term_string}"},"query-input":{"@type":"PropertyValueSpecification","valueRequired":true,"valueName":"search_term_string"}}],"inLanguage":"pt-BR"},{"@type":"Organization","@id":"https:\/\/wp.ufpel.edu.br\/inova\/#organization","name":"INOVA - Superintend\u00eancia de Inova\u00e7\u00e3o e Desenvolvimento Interinstitucional","url":"https:\/\/wp.ufpel.edu.br\/inova\/","logo":{"@type":"ImageObject","inLanguage":"pt-BR","@id":"https:\/\/wp.ufpel.edu.br\/inova\/#\/schema\/logo\/image\/","url":"https:\/\/wp.ufpel.edu.br\/inova\/files\/2026\/03\/cropped-cropped-TIPOGRAFIA_AZUL_02-scaled-1.png","contentUrl":"https:\/\/wp.ufpel.edu.br\/inova\/files\/2026\/03\/cropped-cropped-TIPOGRAFIA_AZUL_02-scaled-1.png","width":511,"height":511,"caption":"INOVA - Superintend\u00eancia de Inova\u00e7\u00e3o e Desenvolvimento Interinstitucional"},"image":{"@id":"https:\/\/wp.ufpel.edu.br\/inova\/#\/schema\/logo\/image\/"}},{"@type":"Person","@id":"https:\/\/wp.ufpel.edu.br\/inova\/#\/schema\/person\/ff2f7760b01f8fa998d71e7c6dac2592","name":"dai","image":{"@type":"ImageObject","inLanguage":"pt-BR","@id":"https:\/\/wp.ufpel.edu.br\/inova\/#\/schema\/person\/image\/","url":"https:\/\/secure.gravatar.com\/avatar\/234abe335dcae7ee76234f1b5d2ffb7ec8d56d8620122b225fbf2085b540a6ee?s=96&d=mm&r=g","contentUrl":"https:\/\/secure.gravatar.com\/avatar\/234abe335dcae7ee76234f1b5d2ffb7ec8d56d8620122b225fbf2085b540a6ee?s=96&d=mm&r=g","caption":"dai"},"url":"https:\/\/wp.ufpel.edu.br\/inova\/author\/dai\/"}]}},"jetpack_featured_media_url":"","jetpack_sharing_enabled":true,"_links":{"self":[{"href":"https:\/\/wp.ufpel.edu.br\/inova\/wp-json\/wp\/v2\/posts\/738","targetHints":{"allow":["GET"]}}],"collection":[{"href":"https:\/\/wp.ufpel.edu.br\/inova\/wp-json\/wp\/v2\/posts"}],"about":[{"href":"https:\/\/wp.ufpel.edu.br\/inova\/wp-json\/wp\/v2\/types\/post"}],"author":[{"embeddable":true,"href":"https:\/\/wp.ufpel.edu.br\/inova\/wp-json\/wp\/v2\/users\/905"}],"replies":[{"embeddable":true,"href":"https:\/\/wp.ufpel.edu.br\/inova\/wp-json\/wp\/v2\/comments?post=738"}],"version-history":[{"count":1,"href":"https:\/\/wp.ufpel.edu.br\/inova\/wp-json\/wp\/v2\/posts\/738\/revisions"}],"predecessor-version":[{"id":743,"href":"https:\/\/wp.ufpel.edu.br\/inova\/wp-json\/wp\/v2\/posts\/738\/revisions\/743"}],"wp:attachment":[{"href":"https:\/\/wp.ufpel.edu.br\/inova\/wp-json\/wp\/v2\/media?parent=738"}],"wp:term":[{"taxonomy":"category","embeddable":true,"href":"https:\/\/wp.ufpel.edu.br\/inova\/wp-json\/wp\/v2\/categories?post=738"},{"taxonomy":"post_tag","embeddable":true,"href":"https:\/\/wp.ufpel.edu.br\/inova\/wp-json\/wp\/v2\/tags?post=738"}],"curies":[{"name":"wp","href":"https:\/\/api.w.org\/{rel}","templated":true}]}}