{"id":696,"date":"2024-11-30T16:15:02","date_gmt":"2024-11-30T19:15:02","guid":{"rendered":"https:\/\/wp.ufpel.edu.br\/inova\/?p=696"},"modified":"2024-11-30T16:17:24","modified_gmt":"2024-11-30T19:17:24","slug":"confira-os-trabalhos-destaque-do-viii-congresso-de-inovacao-tecnologica-da-ufpel","status":"publish","type":"post","link":"https:\/\/wp.ufpel.edu.br\/inova\/2024\/11\/30\/confira-os-trabalhos-destaque-do-viii-congresso-de-inovacao-tecnologica-da-ufpel\/","title":{"rendered":"Confira os Trabalhos Destaque do VIII Congresso de Inova\u00e7\u00e3o Tecnol\u00f3gica da UFPel"},"content":{"rendered":"<div class=\"flex-shrink-0 flex flex-col relative items-end\">\n<div>\n<div class=\"pt-0\">\n<div class=\"gizmo-bot-avatar flex h-8 w-8 items-center justify-center overflow-hidden rounded-full\">\n<div class=\"relative p-1 rounded-sm flex items-center justify-center bg-token-main-surface-primary text-token-text-primary h-8 w-8\"><\/div>\n<\/div>\n<\/div>\n<\/div>\n<\/div>\n<div class=\"group\/conversation-turn relative flex w-full min-w-0 flex-col agent-turn\">\n<div class=\"flex-col gap-1 md:gap-3\">\n<div class=\"flex max-w-full flex-col flex-grow\">\n<div class=\"min-h-8 text-message flex w-full flex-col items-end gap-2 whitespace-normal break-words [.text-message+&amp;]:mt-5\" dir=\"auto\" data-message-author-role=\"assistant\" data-message-id=\"367b1df5-a3b6-4c68-986c-16a4ba710a05\" data-message-model-slug=\"gpt-4o\">\n<div class=\"flex w-full flex-col gap-1 empty:hidden first:pt-[3px]\">\n<div class=\"markdown prose w-full break-words dark:prose-invert dark\">\n<p><strong>O VIII Congresso de Inova\u00e7\u00e3o Tecnol\u00f3gica da UFPel (CIT) ocorreu entre os dias 26 e 29 de novembro, destacando cinco trabalhos de grande relev\u00e2ncia.<\/strong><\/p>\n<\/div>\n<\/div>\n<\/div>\n<\/div>\n<\/div>\n<\/div>\n<h5><a href=\"https:\/\/wp.ufpel.edu.br\/inova\/files\/2024\/11\/imagem_2024-11-30_161411611.png\"><img loading=\"lazy\" decoding=\"async\" class=\"size-full wp-image-698 aligncenter\" src=\"https:\/\/wp.ufpel.edu.br\/inova\/files\/2024\/11\/imagem_2024-11-30_161411611.png\" alt=\"\" width=\"820\" height=\"740\" srcset=\"https:\/\/wp.ufpel.edu.br\/inova\/files\/2024\/11\/imagem_2024-11-30_161411611.png 820w, https:\/\/wp.ufpel.edu.br\/inova\/files\/2024\/11\/imagem_2024-11-30_161411611-400x361.png 400w, https:\/\/wp.ufpel.edu.br\/inova\/files\/2024\/11\/imagem_2024-11-30_161411611-768x693.png 768w\" sizes=\"auto, (max-width: 820px) 100vw, 820px\" \/><\/a><\/h5>\n","protected":false},"excerpt":{"rendered":"<p>O VIII Congresso de Inova\u00e7\u00e3o Tecnol\u00f3gica da UFPel (CIT) ocorreu entre os dias 26 e 29 de novembro, destacando cinco trabalhos de grande relev\u00e2ncia.<\/p>\n","protected":false},"author":905,"featured_media":0,"comment_status":"closed","ping_status":"closed","sticky":false,"template":"","format":"standard","meta":{"_jetpack_memberships_contains_paid_content":false,"footnotes":""},"categories":[1],"tags":[],"class_list":["post-696","post","type-post","status-publish","format-standard","hentry","category-noticias"],"yoast_head":"<!-- This site is optimized with the Yoast SEO plugin v26.7 - https:\/\/yoast.com\/wordpress\/plugins\/seo\/ -->\n<title>Confira os Trabalhos Destaque do VIII Congresso de Inova\u00e7\u00e3o Tecnol\u00f3gica da UFPel - INOVA - Superintend\u00eancia de Inova\u00e7\u00e3o e Desenvolvimento Interinstitucional<\/title>\n<meta name=\"robots\" content=\"index, follow, max-snippet:-1, max-image-preview:large, max-video-preview:-1\" \/>\n<link rel=\"canonical\" href=\"https:\/\/wp.ufpel.edu.br\/inova\/2024\/11\/30\/confira-os-trabalhos-destaque-do-viii-congresso-de-inovacao-tecnologica-da-ufpel\/\" \/>\n<meta property=\"og:locale\" content=\"pt_BR\" \/>\n<meta property=\"og:type\" content=\"article\" \/>\n<meta property=\"og:title\" content=\"Confira os Trabalhos Destaque do VIII Congresso de Inova\u00e7\u00e3o Tecnol\u00f3gica da UFPel - INOVA - Superintend\u00eancia de Inova\u00e7\u00e3o e Desenvolvimento Interinstitucional\" \/>\n<meta property=\"og:description\" content=\"O VIII Congresso de Inova\u00e7\u00e3o Tecnol\u00f3gica da UFPel (CIT) ocorreu entre os dias 26 e 29 de novembro, destacando cinco trabalhos de grande relev\u00e2ncia.\" \/>\n<meta property=\"og:url\" content=\"https:\/\/wp.ufpel.edu.br\/inova\/2024\/11\/30\/confira-os-trabalhos-destaque-do-viii-congresso-de-inovacao-tecnologica-da-ufpel\/\" \/>\n<meta property=\"og:site_name\" content=\"INOVA - Superintend\u00eancia de Inova\u00e7\u00e3o e Desenvolvimento Interinstitucional\" \/>\n<meta property=\"article:published_time\" content=\"2024-11-30T19:15:02+00:00\" \/>\n<meta property=\"article:modified_time\" content=\"2024-11-30T19:17:24+00:00\" \/>\n<meta property=\"og:image\" content=\"https:\/\/wp.ufpel.edu.br\/inova\/files\/2024\/11\/imagem_2024-11-30_161411611.png\" \/>\n\t<meta property=\"og:image:width\" content=\"820\" \/>\n\t<meta property=\"og:image:height\" content=\"740\" \/>\n\t<meta property=\"og:image:type\" content=\"image\/png\" \/>\n<meta name=\"author\" content=\"dai\" \/>\n<meta name=\"twitter:card\" content=\"summary_large_image\" \/>\n<meta name=\"twitter:label1\" content=\"Escrito por\" \/>\n\t<meta name=\"twitter:data1\" content=\"dai\" \/>\n\t<meta name=\"twitter:label2\" content=\"Est. tempo de leitura\" \/>\n\t<meta name=\"twitter:data2\" content=\"1 minuto\" \/>\n<script type=\"application\/ld+json\" class=\"yoast-schema-graph\">{\"@context\":\"https:\/\/schema.org\",\"@graph\":[{\"@type\":\"Article\",\"@id\":\"https:\/\/wp.ufpel.edu.br\/inova\/2024\/11\/30\/confira-os-trabalhos-destaque-do-viii-congresso-de-inovacao-tecnologica-da-ufpel\/#article\",\"isPartOf\":{\"@id\":\"https:\/\/wp.ufpel.edu.br\/inova\/2024\/11\/30\/confira-os-trabalhos-destaque-do-viii-congresso-de-inovacao-tecnologica-da-ufpel\/\"},\"author\":{\"name\":\"dai\",\"@id\":\"https:\/\/wp.ufpel.edu.br\/inova\/#\/schema\/person\/ff2f7760b01f8fa998d71e7c6dac2592\"},\"headline\":\"Confira os Trabalhos Destaque do VIII Congresso de Inova\u00e7\u00e3o Tecnol\u00f3gica da UFPel\",\"datePublished\":\"2024-11-30T19:15:02+00:00\",\"dateModified\":\"2024-11-30T19:17:24+00:00\",\"mainEntityOfPage\":{\"@id\":\"https:\/\/wp.ufpel.edu.br\/inova\/2024\/11\/30\/confira-os-trabalhos-destaque-do-viii-congresso-de-inovacao-tecnologica-da-ufpel\/\"},\"wordCount\":39,\"publisher\":{\"@id\":\"https:\/\/wp.ufpel.edu.br\/inova\/#organization\"},\"image\":{\"@id\":\"https:\/\/wp.ufpel.edu.br\/inova\/2024\/11\/30\/confira-os-trabalhos-destaque-do-viii-congresso-de-inovacao-tecnologica-da-ufpel\/#primaryimage\"},\"thumbnailUrl\":\"https:\/\/wp.ufpel.edu.br\/inova\/files\/2024\/11\/imagem_2024-11-30_161411611.png\",\"articleSection\":[\"Not\u00edcias\"],\"inLanguage\":\"pt-BR\"},{\"@type\":\"WebPage\",\"@id\":\"https:\/\/wp.ufpel.edu.br\/inova\/2024\/11\/30\/confira-os-trabalhos-destaque-do-viii-congresso-de-inovacao-tecnologica-da-ufpel\/\",\"url\":\"https:\/\/wp.ufpel.edu.br\/inova\/2024\/11\/30\/confira-os-trabalhos-destaque-do-viii-congresso-de-inovacao-tecnologica-da-ufpel\/\",\"name\":\"Confira os Trabalhos Destaque do VIII Congresso de Inova\u00e7\u00e3o Tecnol\u00f3gica da UFPel - INOVA - Superintend\u00eancia de Inova\u00e7\u00e3o e Desenvolvimento Interinstitucional\",\"isPartOf\":{\"@id\":\"https:\/\/wp.ufpel.edu.br\/inova\/#website\"},\"primaryImageOfPage\":{\"@id\":\"https:\/\/wp.ufpel.edu.br\/inova\/2024\/11\/30\/confira-os-trabalhos-destaque-do-viii-congresso-de-inovacao-tecnologica-da-ufpel\/#primaryimage\"},\"image\":{\"@id\":\"https:\/\/wp.ufpel.edu.br\/inova\/2024\/11\/30\/confira-os-trabalhos-destaque-do-viii-congresso-de-inovacao-tecnologica-da-ufpel\/#primaryimage\"},\"thumbnailUrl\":\"https:\/\/wp.ufpel.edu.br\/inova\/files\/2024\/11\/imagem_2024-11-30_161411611.png\",\"datePublished\":\"2024-11-30T19:15:02+00:00\",\"dateModified\":\"2024-11-30T19:17:24+00:00\",\"breadcrumb\":{\"@id\":\"https:\/\/wp.ufpel.edu.br\/inova\/2024\/11\/30\/confira-os-trabalhos-destaque-do-viii-congresso-de-inovacao-tecnologica-da-ufpel\/#breadcrumb\"},\"inLanguage\":\"pt-BR\",\"potentialAction\":[{\"@type\":\"ReadAction\",\"target\":[\"https:\/\/wp.ufpel.edu.br\/inova\/2024\/11\/30\/confira-os-trabalhos-destaque-do-viii-congresso-de-inovacao-tecnologica-da-ufpel\/\"]}]},{\"@type\":\"ImageObject\",\"inLanguage\":\"pt-BR\",\"@id\":\"https:\/\/wp.ufpel.edu.br\/inova\/2024\/11\/30\/confira-os-trabalhos-destaque-do-viii-congresso-de-inovacao-tecnologica-da-ufpel\/#primaryimage\",\"url\":\"https:\/\/wp.ufpel.edu.br\/inova\/files\/2024\/11\/imagem_2024-11-30_161411611.png\",\"contentUrl\":\"https:\/\/wp.ufpel.edu.br\/inova\/files\/2024\/11\/imagem_2024-11-30_161411611.png\"},{\"@type\":\"BreadcrumbList\",\"@id\":\"https:\/\/wp.ufpel.edu.br\/inova\/2024\/11\/30\/confira-os-trabalhos-destaque-do-viii-congresso-de-inovacao-tecnologica-da-ufpel\/#breadcrumb\",\"itemListElement\":[{\"@type\":\"ListItem\",\"position\":1,\"name\":\"In\u00edcio\",\"item\":\"https:\/\/wp.ufpel.edu.br\/inova\/\"},{\"@type\":\"ListItem\",\"position\":2,\"name\":\"Confira os Trabalhos Destaque do VIII Congresso de Inova\u00e7\u00e3o Tecnol\u00f3gica da UFPel\"}]},{\"@type\":\"WebSite\",\"@id\":\"https:\/\/wp.ufpel.edu.br\/inova\/#website\",\"url\":\"https:\/\/wp.ufpel.edu.br\/inova\/\",\"name\":\"INOVA - Superintend\u00eancia de Inova\u00e7\u00e3o e Desenvolvimento Interinstitucional\",\"description\":\"Ag\u00eancia de Inova\u00e7\u00e3o da UFPel\",\"publisher\":{\"@id\":\"https:\/\/wp.ufpel.edu.br\/inova\/#organization\"},\"potentialAction\":[{\"@type\":\"SearchAction\",\"target\":{\"@type\":\"EntryPoint\",\"urlTemplate\":\"https:\/\/wp.ufpel.edu.br\/inova\/?s={search_term_string}\"},\"query-input\":{\"@type\":\"PropertyValueSpecification\",\"valueRequired\":true,\"valueName\":\"search_term_string\"}}],\"inLanguage\":\"pt-BR\"},{\"@type\":\"Organization\",\"@id\":\"https:\/\/wp.ufpel.edu.br\/inova\/#organization\",\"name\":\"INOVA - Superintend\u00eancia de Inova\u00e7\u00e3o e Desenvolvimento Interinstitucional\",\"url\":\"https:\/\/wp.ufpel.edu.br\/inova\/\",\"logo\":{\"@type\":\"ImageObject\",\"inLanguage\":\"pt-BR\",\"@id\":\"https:\/\/wp.ufpel.edu.br\/inova\/#\/schema\/logo\/image\/\",\"url\":\"https:\/\/wp.ufpel.edu.br\/inova\/files\/2026\/03\/cropped-cropped-TIPOGRAFIA_AZUL_02-scaled-1.png\",\"contentUrl\":\"https:\/\/wp.ufpel.edu.br\/inova\/files\/2026\/03\/cropped-cropped-TIPOGRAFIA_AZUL_02-scaled-1.png\",\"width\":511,\"height\":511,\"caption\":\"INOVA - Superintend\u00eancia de Inova\u00e7\u00e3o e Desenvolvimento Interinstitucional\"},\"image\":{\"@id\":\"https:\/\/wp.ufpel.edu.br\/inova\/#\/schema\/logo\/image\/\"}},{\"@type\":\"Person\",\"@id\":\"https:\/\/wp.ufpel.edu.br\/inova\/#\/schema\/person\/ff2f7760b01f8fa998d71e7c6dac2592\",\"name\":\"dai\",\"image\":{\"@type\":\"ImageObject\",\"inLanguage\":\"pt-BR\",\"@id\":\"https:\/\/wp.ufpel.edu.br\/inova\/#\/schema\/person\/image\/\",\"url\":\"https:\/\/secure.gravatar.com\/avatar\/234abe335dcae7ee76234f1b5d2ffb7ec8d56d8620122b225fbf2085b540a6ee?s=96&d=mm&r=g\",\"contentUrl\":\"https:\/\/secure.gravatar.com\/avatar\/234abe335dcae7ee76234f1b5d2ffb7ec8d56d8620122b225fbf2085b540a6ee?s=96&d=mm&r=g\",\"caption\":\"dai\"},\"url\":\"https:\/\/wp.ufpel.edu.br\/inova\/author\/dai\/\"}]}<\/script>\n<!-- \/ Yoast SEO plugin. -->","yoast_head_json":{"title":"Confira os Trabalhos Destaque do VIII Congresso de Inova\u00e7\u00e3o Tecnol\u00f3gica da UFPel - INOVA - Superintend\u00eancia de Inova\u00e7\u00e3o e Desenvolvimento Interinstitucional","robots":{"index":"index","follow":"follow","max-snippet":"max-snippet:-1","max-image-preview":"max-image-preview:large","max-video-preview":"max-video-preview:-1"},"canonical":"https:\/\/wp.ufpel.edu.br\/inova\/2024\/11\/30\/confira-os-trabalhos-destaque-do-viii-congresso-de-inovacao-tecnologica-da-ufpel\/","og_locale":"pt_BR","og_type":"article","og_title":"Confira os Trabalhos Destaque do VIII Congresso de Inova\u00e7\u00e3o Tecnol\u00f3gica da UFPel - INOVA - Superintend\u00eancia de Inova\u00e7\u00e3o e Desenvolvimento Interinstitucional","og_description":"O VIII Congresso de Inova\u00e7\u00e3o Tecnol\u00f3gica da UFPel (CIT) ocorreu entre os dias 26 e 29 de novembro, destacando cinco trabalhos de grande relev\u00e2ncia.","og_url":"https:\/\/wp.ufpel.edu.br\/inova\/2024\/11\/30\/confira-os-trabalhos-destaque-do-viii-congresso-de-inovacao-tecnologica-da-ufpel\/","og_site_name":"INOVA - Superintend\u00eancia de Inova\u00e7\u00e3o e Desenvolvimento Interinstitucional","article_published_time":"2024-11-30T19:15:02+00:00","article_modified_time":"2024-11-30T19:17:24+00:00","og_image":[{"width":820,"height":740,"url":"https:\/\/wp.ufpel.edu.br\/inova\/files\/2024\/11\/imagem_2024-11-30_161411611.png","type":"image\/png"}],"author":"dai","twitter_card":"summary_large_image","twitter_misc":{"Escrito por":"dai","Est. tempo de leitura":"1 minuto"},"schema":{"@context":"https:\/\/schema.org","@graph":[{"@type":"Article","@id":"https:\/\/wp.ufpel.edu.br\/inova\/2024\/11\/30\/confira-os-trabalhos-destaque-do-viii-congresso-de-inovacao-tecnologica-da-ufpel\/#article","isPartOf":{"@id":"https:\/\/wp.ufpel.edu.br\/inova\/2024\/11\/30\/confira-os-trabalhos-destaque-do-viii-congresso-de-inovacao-tecnologica-da-ufpel\/"},"author":{"name":"dai","@id":"https:\/\/wp.ufpel.edu.br\/inova\/#\/schema\/person\/ff2f7760b01f8fa998d71e7c6dac2592"},"headline":"Confira os Trabalhos Destaque do VIII Congresso de Inova\u00e7\u00e3o Tecnol\u00f3gica da UFPel","datePublished":"2024-11-30T19:15:02+00:00","dateModified":"2024-11-30T19:17:24+00:00","mainEntityOfPage":{"@id":"https:\/\/wp.ufpel.edu.br\/inova\/2024\/11\/30\/confira-os-trabalhos-destaque-do-viii-congresso-de-inovacao-tecnologica-da-ufpel\/"},"wordCount":39,"publisher":{"@id":"https:\/\/wp.ufpel.edu.br\/inova\/#organization"},"image":{"@id":"https:\/\/wp.ufpel.edu.br\/inova\/2024\/11\/30\/confira-os-trabalhos-destaque-do-viii-congresso-de-inovacao-tecnologica-da-ufpel\/#primaryimage"},"thumbnailUrl":"https:\/\/wp.ufpel.edu.br\/inova\/files\/2024\/11\/imagem_2024-11-30_161411611.png","articleSection":["Not\u00edcias"],"inLanguage":"pt-BR"},{"@type":"WebPage","@id":"https:\/\/wp.ufpel.edu.br\/inova\/2024\/11\/30\/confira-os-trabalhos-destaque-do-viii-congresso-de-inovacao-tecnologica-da-ufpel\/","url":"https:\/\/wp.ufpel.edu.br\/inova\/2024\/11\/30\/confira-os-trabalhos-destaque-do-viii-congresso-de-inovacao-tecnologica-da-ufpel\/","name":"Confira os Trabalhos Destaque do VIII Congresso de Inova\u00e7\u00e3o Tecnol\u00f3gica da UFPel - INOVA - Superintend\u00eancia de Inova\u00e7\u00e3o e Desenvolvimento Interinstitucional","isPartOf":{"@id":"https:\/\/wp.ufpel.edu.br\/inova\/#website"},"primaryImageOfPage":{"@id":"https:\/\/wp.ufpel.edu.br\/inova\/2024\/11\/30\/confira-os-trabalhos-destaque-do-viii-congresso-de-inovacao-tecnologica-da-ufpel\/#primaryimage"},"image":{"@id":"https:\/\/wp.ufpel.edu.br\/inova\/2024\/11\/30\/confira-os-trabalhos-destaque-do-viii-congresso-de-inovacao-tecnologica-da-ufpel\/#primaryimage"},"thumbnailUrl":"https:\/\/wp.ufpel.edu.br\/inova\/files\/2024\/11\/imagem_2024-11-30_161411611.png","datePublished":"2024-11-30T19:15:02+00:00","dateModified":"2024-11-30T19:17:24+00:00","breadcrumb":{"@id":"https:\/\/wp.ufpel.edu.br\/inova\/2024\/11\/30\/confira-os-trabalhos-destaque-do-viii-congresso-de-inovacao-tecnologica-da-ufpel\/#breadcrumb"},"inLanguage":"pt-BR","potentialAction":[{"@type":"ReadAction","target":["https:\/\/wp.ufpel.edu.br\/inova\/2024\/11\/30\/confira-os-trabalhos-destaque-do-viii-congresso-de-inovacao-tecnologica-da-ufpel\/"]}]},{"@type":"ImageObject","inLanguage":"pt-BR","@id":"https:\/\/wp.ufpel.edu.br\/inova\/2024\/11\/30\/confira-os-trabalhos-destaque-do-viii-congresso-de-inovacao-tecnologica-da-ufpel\/#primaryimage","url":"https:\/\/wp.ufpel.edu.br\/inova\/files\/2024\/11\/imagem_2024-11-30_161411611.png","contentUrl":"https:\/\/wp.ufpel.edu.br\/inova\/files\/2024\/11\/imagem_2024-11-30_161411611.png"},{"@type":"BreadcrumbList","@id":"https:\/\/wp.ufpel.edu.br\/inova\/2024\/11\/30\/confira-os-trabalhos-destaque-do-viii-congresso-de-inovacao-tecnologica-da-ufpel\/#breadcrumb","itemListElement":[{"@type":"ListItem","position":1,"name":"In\u00edcio","item":"https:\/\/wp.ufpel.edu.br\/inova\/"},{"@type":"ListItem","position":2,"name":"Confira os Trabalhos Destaque do VIII Congresso de Inova\u00e7\u00e3o Tecnol\u00f3gica da UFPel"}]},{"@type":"WebSite","@id":"https:\/\/wp.ufpel.edu.br\/inova\/#website","url":"https:\/\/wp.ufpel.edu.br\/inova\/","name":"INOVA - Superintend\u00eancia de Inova\u00e7\u00e3o e Desenvolvimento Interinstitucional","description":"Ag\u00eancia de Inova\u00e7\u00e3o da UFPel","publisher":{"@id":"https:\/\/wp.ufpel.edu.br\/inova\/#organization"},"potentialAction":[{"@type":"SearchAction","target":{"@type":"EntryPoint","urlTemplate":"https:\/\/wp.ufpel.edu.br\/inova\/?s={search_term_string}"},"query-input":{"@type":"PropertyValueSpecification","valueRequired":true,"valueName":"search_term_string"}}],"inLanguage":"pt-BR"},{"@type":"Organization","@id":"https:\/\/wp.ufpel.edu.br\/inova\/#organization","name":"INOVA - Superintend\u00eancia de Inova\u00e7\u00e3o e Desenvolvimento Interinstitucional","url":"https:\/\/wp.ufpel.edu.br\/inova\/","logo":{"@type":"ImageObject","inLanguage":"pt-BR","@id":"https:\/\/wp.ufpel.edu.br\/inova\/#\/schema\/logo\/image\/","url":"https:\/\/wp.ufpel.edu.br\/inova\/files\/2026\/03\/cropped-cropped-TIPOGRAFIA_AZUL_02-scaled-1.png","contentUrl":"https:\/\/wp.ufpel.edu.br\/inova\/files\/2026\/03\/cropped-cropped-TIPOGRAFIA_AZUL_02-scaled-1.png","width":511,"height":511,"caption":"INOVA - Superintend\u00eancia de Inova\u00e7\u00e3o e Desenvolvimento Interinstitucional"},"image":{"@id":"https:\/\/wp.ufpel.edu.br\/inova\/#\/schema\/logo\/image\/"}},{"@type":"Person","@id":"https:\/\/wp.ufpel.edu.br\/inova\/#\/schema\/person\/ff2f7760b01f8fa998d71e7c6dac2592","name":"dai","image":{"@type":"ImageObject","inLanguage":"pt-BR","@id":"https:\/\/wp.ufpel.edu.br\/inova\/#\/schema\/person\/image\/","url":"https:\/\/secure.gravatar.com\/avatar\/234abe335dcae7ee76234f1b5d2ffb7ec8d56d8620122b225fbf2085b540a6ee?s=96&d=mm&r=g","contentUrl":"https:\/\/secure.gravatar.com\/avatar\/234abe335dcae7ee76234f1b5d2ffb7ec8d56d8620122b225fbf2085b540a6ee?s=96&d=mm&r=g","caption":"dai"},"url":"https:\/\/wp.ufpel.edu.br\/inova\/author\/dai\/"}]}},"jetpack_featured_media_url":"","jetpack_sharing_enabled":true,"_links":{"self":[{"href":"https:\/\/wp.ufpel.edu.br\/inova\/wp-json\/wp\/v2\/posts\/696","targetHints":{"allow":["GET"]}}],"collection":[{"href":"https:\/\/wp.ufpel.edu.br\/inova\/wp-json\/wp\/v2\/posts"}],"about":[{"href":"https:\/\/wp.ufpel.edu.br\/inova\/wp-json\/wp\/v2\/types\/post"}],"author":[{"embeddable":true,"href":"https:\/\/wp.ufpel.edu.br\/inova\/wp-json\/wp\/v2\/users\/905"}],"replies":[{"embeddable":true,"href":"https:\/\/wp.ufpel.edu.br\/inova\/wp-json\/wp\/v2\/comments?post=696"}],"version-history":[{"count":4,"href":"https:\/\/wp.ufpel.edu.br\/inova\/wp-json\/wp\/v2\/posts\/696\/revisions"}],"predecessor-version":[{"id":702,"href":"https:\/\/wp.ufpel.edu.br\/inova\/wp-json\/wp\/v2\/posts\/696\/revisions\/702"}],"wp:attachment":[{"href":"https:\/\/wp.ufpel.edu.br\/inova\/wp-json\/wp\/v2\/media?parent=696"}],"wp:term":[{"taxonomy":"category","embeddable":true,"href":"https:\/\/wp.ufpel.edu.br\/inova\/wp-json\/wp\/v2\/categories?post=696"},{"taxonomy":"post_tag","embeddable":true,"href":"https:\/\/wp.ufpel.edu.br\/inova\/wp-json\/wp\/v2\/tags?post=696"}],"curies":[{"name":"wp","href":"https:\/\/api.w.org\/{rel}","templated":true}]}}