{"id":5087,"date":"2026-04-02T13:59:35","date_gmt":"2026-04-02T16:59:35","guid":{"rendered":"https:\/\/wp.ufpel.edu.br\/ifm\/?p=5087"},"modified":"2026-04-02T13:59:54","modified_gmt":"2026-04-02T16:59:54","slug":"convite-para-apresentacao-de-chapa-eleicao-ifm-06-04-13h","status":"publish","type":"post","link":"https:\/\/wp.ufpel.edu.br\/ifm\/2026\/04\/02\/convite-para-apresentacao-de-chapa-eleicao-ifm-06-04-13h\/","title":{"rendered":"Convite para Apresenta\u00e7\u00e3o de Chapa \u2013 Elei\u00e7\u00e3o IFM (06\/04, 13h)"},"content":{"rendered":"<p>Ol\u00e1 comunidade do IFM!<br \/>\nNos dias 08 a 10 de abril de 2026 haver\u00e1 elei\u00e7\u00e3o online para a dire\u00e7\u00e3o e vice-dire\u00e7\u00e3o do IFM. A COE( Comiss\u00e3o Organizadora das Elei\u00e7\u00f5es ) gostaria de convidar voc\u00ea da comunidade do IFM para assistir a apresenta\u00e7\u00e3o da chapa \u00fanica nesta segunda-feira (06\/04\/2026) \u00e0s 13h na sala 110 do pr\u00e9dio 16 Campus Cap\u00e3o do Le\u00e3o.<br \/>\nSolicitamos, tamb\u00e9m, que todos os coordenadores de cursos de gradua\u00e7\u00e3o e p\u00f3s-gradua\u00e7\u00e3o divulguem, junto aos seus discentes, este convite.<\/p>\n<p>Sua participa\u00e7\u00e3o \u00e9 muito importante.<br \/>\nComiss\u00e3o Organizadora das Elei\u00e7\u00f5es<\/p>\n","protected":false},"excerpt":{"rendered":"<p>Ol\u00e1 comunidade do IFM! Nos dias 08 a 10 de abril de 2026 haver\u00e1 elei\u00e7\u00e3o online para a dire\u00e7\u00e3o e vice-dire\u00e7\u00e3o do IFM. A COE( Comiss\u00e3o Organizadora das Elei\u00e7\u00f5es ) gostaria de convidar voc\u00ea da comunidade do IFM para assistir a apresenta\u00e7\u00e3o da chapa \u00fanica nesta segunda-feira (06\/04\/2026) \u00e0s 13h na sala 110 do pr\u00e9dio [&hellip;]<\/p>\n","protected":false},"author":366,"featured_media":0,"comment_status":"closed","ping_status":"closed","sticky":false,"template":"","format":"standard","meta":{"jetpack_post_was_ever_published":false,"_jetpack_newsletter_access":"","_jetpack_dont_email_post_to_subs":false,"_jetpack_newsletter_tier_id":0,"_jetpack_memberships_contains_paywalled_content":false,"_jetpack_memberships_contains_paid_content":false,"footnotes":"","jetpack_publicize_message":"","jetpack_publicize_feature_enabled":true,"jetpack_social_post_already_shared":true,"jetpack_social_options":{"image_generator_settings":{"template":"highway","default_image_id":0,"font":"","enabled":false},"version":2}},"categories":[18],"tags":[],"class_list":["post-5087","post","type-post","status-publish","format-standard","hentry","category-sem-categoria"],"jetpack_publicize_connections":[],"jetpack_featured_media_url":"","jetpack_sharing_enabled":true,"jetpack_shortlink":"https:\/\/wp.me\/p6RZ9W-1k3","jetpack_likes_enabled":true,"_links":{"self":[{"href":"https:\/\/wp.ufpel.edu.br\/ifm\/wp-json\/wp\/v2\/posts\/5087","targetHints":{"allow":["GET"]}}],"collection":[{"href":"https:\/\/wp.ufpel.edu.br\/ifm\/wp-json\/wp\/v2\/posts"}],"about":[{"href":"https:\/\/wp.ufpel.edu.br\/ifm\/wp-json\/wp\/v2\/types\/post"}],"author":[{"embeddable":true,"href":"https:\/\/wp.ufpel.edu.br\/ifm\/wp-json\/wp\/v2\/users\/366"}],"replies":[{"embeddable":true,"href":"https:\/\/wp.ufpel.edu.br\/ifm\/wp-json\/wp\/v2\/comments?post=5087"}],"version-history":[{"count":1,"href":"https:\/\/wp.ufpel.edu.br\/ifm\/wp-json\/wp\/v2\/posts\/5087\/revisions"}],"predecessor-version":[{"id":5089,"href":"https:\/\/wp.ufpel.edu.br\/ifm\/wp-json\/wp\/v2\/posts\/5087\/revisions\/5089"}],"wp:attachment":[{"href":"https:\/\/wp.ufpel.edu.br\/ifm\/wp-json\/wp\/v2\/media?parent=5087"}],"wp:term":[{"taxonomy":"category","embeddable":true,"href":"https:\/\/wp.ufpel.edu.br\/ifm\/wp-json\/wp\/v2\/categories?post=5087"},{"taxonomy":"post_tag","embeddable":true,"href":"https:\/\/wp.ufpel.edu.br\/ifm\/wp-json\/wp\/v2\/tags?post=5087"}],"curies":[{"name":"wp","href":"https:\/\/api.w.org\/{rel}","templated":true}]}}