{"id":5080,"date":"2026-03-25T14:15:01","date_gmt":"2026-03-25T17:15:01","guid":{"rendered":"https:\/\/wp.ufpel.edu.br\/ifm\/?p=5080"},"modified":"2026-03-25T14:15:01","modified_gmt":"2026-03-25T17:15:01","slug":"divulgacao-final-e-apresentacao-das-candidaturas-homologadas-consulta-a-comunidade","status":"publish","type":"post","link":"https:\/\/wp.ufpel.edu.br\/ifm\/2026\/03\/25\/divulgacao-final-e-apresentacao-das-candidaturas-homologadas-consulta-a-comunidade\/","title":{"rendered":"Divulga\u00e7\u00e3o final e apresenta\u00e7\u00e3o das candidaturas homologadas \u2013 Consulta \u00e0 Comunidade"},"content":{"rendered":"<p>A Comiss\u00e3o Organizadora das Elei\u00e7\u00f5es (COE) informa que, transcorrido o per\u00edodo recursal previsto nos editais da consulta \u00e0 comunidade, e n\u00e3o havendo altera\u00e7\u00f5es, torna p\u00fablica a rela\u00e7\u00e3o final das candidaturas homologadas para os cargos de Dire\u00e7\u00e3o da Unidade e Chefia do N\u00facleo Administrativo.<\/p>\n<p><strong>Dire\u00e7\u00e3o da Unidade<\/strong><br \/>\nChapa 1<br \/>\n<strong>Diretor:<\/strong> Prof. Fernando Jaques Ruiz Sim\u00f5es Junior<br \/>\n<strong>Vice-Diretora:<\/strong> Profa. Lisandra de Oliveira Sauer<\/p>\n<p><strong>Chefia do N\u00facleo Administrativo<\/strong><br \/>\n<strong>Candidata 1:<\/strong> Amanda dos Santos Machado<\/p>\n<p><a href=\"https:\/\/wp.ufpel.edu.br\/ifm\/files\/2026\/03\/Apresentacao_Candidaturas.pdf\">Candidatos e planos de gest\u00e3o<\/a><\/p>\n<p>As candidaturas acima constituem a rela\u00e7\u00e3o definitiva de participantes aptos ao pleito, conforme os editais vigentes.<br \/>\nEm momento oportuno, ser\u00e1 marcada uma sess\u00e3o p\u00fablica para que os candidatos fa\u00e7am suas apresenta\u00e7\u00f5es \u00e0 comunidade e respondam \u00e0s d\u00favidas da mesma.<br \/>\nA COE refor\u00e7a a import\u00e2ncia da participa\u00e7\u00e3o da comunidade acad\u00eamica no processo de consulta.<\/p>\n<p>Atenciosamente,<br \/>\nComiss\u00e3o Organizadora das Elei\u00e7\u00f5es (COE)<\/p>\n","protected":false},"excerpt":{"rendered":"<p>A Comiss\u00e3o Organizadora das Elei\u00e7\u00f5es (COE) informa que, transcorrido o per\u00edodo recursal previsto nos editais da consulta \u00e0 comunidade, e n\u00e3o havendo altera\u00e7\u00f5es, torna p\u00fablica a rela\u00e7\u00e3o final das candidaturas homologadas para os cargos de Dire\u00e7\u00e3o da Unidade e Chefia do N\u00facleo Administrativo. Dire\u00e7\u00e3o da Unidade Chapa 1 Diretor: Prof. Fernando Jaques Ruiz Sim\u00f5es Junior [&hellip;]<\/p>\n","protected":false},"author":366,"featured_media":0,"comment_status":"closed","ping_status":"closed","sticky":false,"template":"","format":"standard","meta":{"jetpack_post_was_ever_published":false,"_jetpack_newsletter_access":"","_jetpack_dont_email_post_to_subs":false,"_jetpack_newsletter_tier_id":0,"_jetpack_memberships_contains_paywalled_content":false,"_jetpack_memberships_contains_paid_content":false,"footnotes":"","jetpack_publicize_message":"","jetpack_publicize_feature_enabled":true,"jetpack_social_post_already_shared":true,"jetpack_social_options":{"image_generator_settings":{"template":"highway","default_image_id":0,"font":"","enabled":false},"version":2}},"categories":[18],"tags":[],"class_list":["post-5080","post","type-post","status-publish","format-standard","hentry","category-sem-categoria"],"jetpack_publicize_connections":[],"jetpack_featured_media_url":"","jetpack_sharing_enabled":true,"jetpack_shortlink":"https:\/\/wp.me\/p6RZ9W-1jW","jetpack_likes_enabled":true,"_links":{"self":[{"href":"https:\/\/wp.ufpel.edu.br\/ifm\/wp-json\/wp\/v2\/posts\/5080","targetHints":{"allow":["GET"]}}],"collection":[{"href":"https:\/\/wp.ufpel.edu.br\/ifm\/wp-json\/wp\/v2\/posts"}],"about":[{"href":"https:\/\/wp.ufpel.edu.br\/ifm\/wp-json\/wp\/v2\/types\/post"}],"author":[{"embeddable":true,"href":"https:\/\/wp.ufpel.edu.br\/ifm\/wp-json\/wp\/v2\/users\/366"}],"replies":[{"embeddable":true,"href":"https:\/\/wp.ufpel.edu.br\/ifm\/wp-json\/wp\/v2\/comments?post=5080"}],"version-history":[{"count":1,"href":"https:\/\/wp.ufpel.edu.br\/ifm\/wp-json\/wp\/v2\/posts\/5080\/revisions"}],"predecessor-version":[{"id":5083,"href":"https:\/\/wp.ufpel.edu.br\/ifm\/wp-json\/wp\/v2\/posts\/5080\/revisions\/5083"}],"wp:attachment":[{"href":"https:\/\/wp.ufpel.edu.br\/ifm\/wp-json\/wp\/v2\/media?parent=5080"}],"wp:term":[{"taxonomy":"category","embeddable":true,"href":"https:\/\/wp.ufpel.edu.br\/ifm\/wp-json\/wp\/v2\/categories?post=5080"},{"taxonomy":"post_tag","embeddable":true,"href":"https:\/\/wp.ufpel.edu.br\/ifm\/wp-json\/wp\/v2\/tags?post=5080"}],"curies":[{"name":"wp","href":"https:\/\/api.w.org\/{rel}","templated":true}]}}