{"id":5074,"date":"2026-03-23T17:05:20","date_gmt":"2026-03-23T20:05:20","guid":{"rendered":"https:\/\/wp.ufpel.edu.br\/ifm\/?p=5074"},"modified":"2026-03-23T17:05:42","modified_gmt":"2026-03-23T20:05:42","slug":"divulgacao-das-candidaturas-homologadas-consulta-a-comunidade-academica","status":"publish","type":"post","link":"https:\/\/wp.ufpel.edu.br\/ifm\/2026\/03\/23\/divulgacao-das-candidaturas-homologadas-consulta-a-comunidade-academica\/","title":{"rendered":"Divulga\u00e7\u00e3o das Candidaturas Homologadas \u2013 Consulta \u00e0 Comunidade Acad\u00eamica"},"content":{"rendered":"<p>A Comiss\u00e3o Organizadora das Elei\u00e7\u00f5es (COE) informa que, conforme previsto nos editais da consulta \u00e0 comunidade para a escolha da Dire\u00e7\u00e3o da Unidade e da Chefia do N\u00facleo Administrativo, foram analisadas as inscri\u00e7\u00f5es apresentadas dentro do prazo estabelecido.<br \/>\nAp\u00f3s an\u00e1lise das fichas de inscri\u00e7\u00e3o apresentadas, foram homologadas as seguintes candidaturas:<\/p>\n<p><strong>Dire\u00e7\u00e3o da Unidade<\/strong><br \/>\nINSCRI\u00c7\u00d5ES HOMOLOGADAS<br \/>\nCHAPA | INSCRITOS<br \/>\n1 | Diretor: <strong>Fernando Jaques Ruiz Sim\u00f5es Junior<\/strong><br \/>\nVice-Diretora: <strong>Lisandra de Oliveira Sauer<\/strong><\/p>\n<p><a href=\"https:\/\/wp.ufpel.edu.br\/ifm\/files\/2026\/03\/Ata_homologacao_inscricao-DU.pdf\">Ata de homologa\u00e7\u00e3o<\/a><\/p>\n<p>INSCRI\u00c7\u00d5ES N\u00c3O HOMOLOGADAS<br \/>\nN\u00e3o houve inscri\u00e7\u00f5es n\u00e3o homologadas.<\/p>\n<p><strong>Chefia do N\u00facleo Administrativo<\/strong><br \/>\nINSCRI\u00c7\u00d5ES HOMOLOGADAS<br \/>\n<strong> \u2022 Amanda dos Santos Machado<\/strong><\/p>\n<p><a href=\"https:\/\/wp.ufpel.edu.br\/ifm\/files\/2026\/03\/Ata_homologacao_inscricao-NAdm.pdf\">Ata de homologa\u00e7\u00e3o<\/a><\/p>\n<p>INSCRI\u00c7\u00d5ES N\u00c3O HOMOLOGADAS<br \/>\nN\u00e3o houve inscri\u00e7\u00f5es n\u00e3o homologadas.<\/p>\n<p>O prazo para interposi\u00e7\u00e3o de recursos referentes \u00e0 homologa\u00e7\u00e3o das candidaturas est\u00e1 estabelecido no edital e dever\u00e1 ser observado pelos interessados.<\/p>\n<p>As informa\u00e7\u00f5es completas sobre o processo eleitoral, incluindo o cronograma da consulta, encontram-se dispon\u00edveis nos Editais na p\u00e1gina oficial da unidade.<\/p>\n<p>A COE refor\u00e7a a import\u00e2ncia da participa\u00e7\u00e3o da comunidade acad\u00eamica neste processo. Tamb\u00e9m solicitamos que todos os coordenadores de cursos de gradua\u00e7\u00e3o e p\u00f3s-gradua\u00e7\u00e3o divulguem, junto aos seus discentes, as candidaturas homologadas.<\/p>\n<p>Atenciosamente,<br \/>\nComiss\u00e3o Organizadora das Elei\u00e7\u00f5es \u2013 COE<br \/>\nIFM<br \/>\nUniversidade Federal de Pelotas \u2013 UFPel<\/p>\n","protected":false},"excerpt":{"rendered":"<p>A Comiss\u00e3o Organizadora das Elei\u00e7\u00f5es (COE) informa que, conforme previsto nos editais da consulta \u00e0 comunidade para a escolha da Dire\u00e7\u00e3o da Unidade e da Chefia do N\u00facleo Administrativo, foram analisadas as inscri\u00e7\u00f5es apresentadas dentro do prazo estabelecido. Ap\u00f3s an\u00e1lise das fichas de inscri\u00e7\u00e3o apresentadas, foram homologadas as seguintes candidaturas: Dire\u00e7\u00e3o da Unidade INSCRI\u00c7\u00d5ES HOMOLOGADAS [&hellip;]<\/p>\n","protected":false},"author":366,"featured_media":0,"comment_status":"closed","ping_status":"closed","sticky":false,"template":"","format":"standard","meta":{"jetpack_post_was_ever_published":false,"_jetpack_newsletter_access":"","_jetpack_dont_email_post_to_subs":false,"_jetpack_newsletter_tier_id":0,"_jetpack_memberships_contains_paywalled_content":false,"_jetpack_memberships_contains_paid_content":false,"footnotes":"","jetpack_publicize_message":"","jetpack_publicize_feature_enabled":true,"jetpack_social_post_already_shared":true,"jetpack_social_options":{"image_generator_settings":{"template":"highway","default_image_id":0,"font":"","enabled":false},"version":2}},"categories":[18],"tags":[],"class_list":["post-5074","post","type-post","status-publish","format-standard","hentry","category-sem-categoria"],"jetpack_publicize_connections":[],"jetpack_featured_media_url":"","jetpack_sharing_enabled":true,"jetpack_shortlink":"https:\/\/wp.me\/p6RZ9W-1jQ","jetpack_likes_enabled":true,"_links":{"self":[{"href":"https:\/\/wp.ufpel.edu.br\/ifm\/wp-json\/wp\/v2\/posts\/5074","targetHints":{"allow":["GET"]}}],"collection":[{"href":"https:\/\/wp.ufpel.edu.br\/ifm\/wp-json\/wp\/v2\/posts"}],"about":[{"href":"https:\/\/wp.ufpel.edu.br\/ifm\/wp-json\/wp\/v2\/types\/post"}],"author":[{"embeddable":true,"href":"https:\/\/wp.ufpel.edu.br\/ifm\/wp-json\/wp\/v2\/users\/366"}],"replies":[{"embeddable":true,"href":"https:\/\/wp.ufpel.edu.br\/ifm\/wp-json\/wp\/v2\/comments?post=5074"}],"version-history":[{"count":2,"href":"https:\/\/wp.ufpel.edu.br\/ifm\/wp-json\/wp\/v2\/posts\/5074\/revisions"}],"predecessor-version":[{"id":5079,"href":"https:\/\/wp.ufpel.edu.br\/ifm\/wp-json\/wp\/v2\/posts\/5074\/revisions\/5079"}],"wp:attachment":[{"href":"https:\/\/wp.ufpel.edu.br\/ifm\/wp-json\/wp\/v2\/media?parent=5074"}],"wp:term":[{"taxonomy":"category","embeddable":true,"href":"https:\/\/wp.ufpel.edu.br\/ifm\/wp-json\/wp\/v2\/categories?post=5074"},{"taxonomy":"post_tag","embeddable":true,"href":"https:\/\/wp.ufpel.edu.br\/ifm\/wp-json\/wp\/v2\/tags?post=5074"}],"curies":[{"name":"wp","href":"https:\/\/api.w.org\/{rel}","templated":true}]}}