{"id":4818,"date":"2024-08-09T18:19:16","date_gmt":"2024-08-09T21:19:16","guid":{"rendered":"https:\/\/wp.ufpel.edu.br\/ifm\/?p=4818"},"modified":"2024-08-09T18:19:16","modified_gmt":"2024-08-09T21:19:16","slug":"divulgacao-do-ciclo-de-palestras-do-ifm-3","status":"publish","type":"post","link":"https:\/\/wp.ufpel.edu.br\/ifm\/2024\/08\/09\/divulgacao-do-ciclo-de-palestras-do-ifm-3\/","title":{"rendered":"Divulga\u00e7\u00e3o do Ciclo de Palestras do IFM"},"content":{"rendered":"<p><a href=\"https:\/\/wp.ufpel.edu.br\/ifm\/files\/2024\/08\/noticia-240809.png\"><img class=\"alignleft wp-image-4820 size-medium\" src=\"https:\/\/wp.ufpel.edu.br\/ifm\/files\/2024\/08\/noticia-240809-283x400.png\" alt=\"\" width=\"283\" height=\"400\" srcset=\"https:\/\/wp.ufpel.edu.br\/ifm\/files\/2024\/08\/noticia-240809-283x400.png 283w, https:\/\/wp.ufpel.edu.br\/ifm\/files\/2024\/08\/noticia-240809-724x1024.png 724w, https:\/\/wp.ufpel.edu.br\/ifm\/files\/2024\/08\/noticia-240809-768x1086.png 768w, https:\/\/wp.ufpel.edu.br\/ifm\/files\/2024\/08\/noticia-240809-1086x1536.png 1086w, https:\/\/wp.ufpel.edu.br\/ifm\/files\/2024\/08\/noticia-240809.png 1414w\" sizes=\"(max-width: 283px) 100vw, 283px\" \/><\/a>Dando continuidade ao Ciclo de Palestras em comemora\u00e7\u00e3o aos 55 anos do IFM, na quarta-feira, dia 14 de agosto de 2024, receberemos a professora Carla Felcher do Departamento de Educa\u00e7\u00e3o Matem\u00e1tica, para apresentar a palestra \u201cEduca\u00e7\u00e3o 5.0 nas licenciaturas em Matem\u00e1tica\u201d. A palestra ocorrer\u00e1 das 18 horas \u00e0s 19 horas na sala 307 do Campus ANGLO, sendo tamb\u00e9m transmitida ao vivo pelo canal do IFM no YouTube (<a href=\"https:\/\/www.youtube.com\/live\/yMeCHT_IstU?si=buDsS3RIB_TXlkh1\" target=\"_blank\" rel=\"noopener\">aqui<\/a>). Toda comunidade est\u00e1 convidada a participar.<\/p>\n<p>O Ciclo de Palestras faz parte das comemora\u00e7\u00f5es dos 55 anos do Instituto de F\u00edsica e Matem\u00e1tica, celebrando sua excel\u00eancia acad\u00eamica, pesquisa, extens\u00e3o e na forma\u00e7\u00e3o de profissionais qualificados. As palestras ocorrer\u00e3o semanalmente nos campus Anglo ou Cap\u00e3o do Le\u00e3o, podendo ainda serem acompanhadas atrav\u00e9s de transmiss\u00f5es ao vivo no canal do IFM no YouTube.<\/p>\n<p>Autor(a): Lisandra de Oliveira Sauer. Professora do Departamento de Matem\u00e1tica e Estat\u00edstica, IFM.<\/p>\n","protected":false},"excerpt":{"rendered":"<p>Dando continuidade ao Ciclo de Palestras em comemora\u00e7\u00e3o aos 55 anos do IFM, na quarta-feira, dia 14 de agosto de 2024, receberemos a professora Carla Felcher do Departamento de Educa\u00e7\u00e3o Matem\u00e1tica, para apresentar a palestra \u201cEduca\u00e7\u00e3o 5.0 nas licenciaturas em Matem\u00e1tica\u201d. A palestra ocorrer\u00e1 das 18 horas \u00e0s 19 horas na sala 307 do Campus [&hellip;]<\/p>\n","protected":false},"author":366,"featured_media":0,"comment_status":"closed","ping_status":"closed","sticky":false,"template":"","format":"standard","meta":{"jetpack_post_was_ever_published":false,"_jetpack_newsletter_access":"","_jetpack_dont_email_post_to_subs":false,"_jetpack_newsletter_tier_id":0,"_jetpack_memberships_contains_paywalled_content":false,"_jetpack_memberships_contains_paid_content":false,"footnotes":"","jetpack_publicize_message":"","jetpack_publicize_feature_enabled":true,"jetpack_social_post_already_shared":true,"jetpack_social_options":{"image_generator_settings":{"template":"highway","default_image_id":0,"font":"","enabled":false},"version":2}},"categories":[4],"tags":[],"class_list":["post-4818","post","type-post","status-publish","format-standard","hentry","category-noticias"],"jetpack_publicize_connections":[],"jetpack_featured_media_url":"","jetpack_sharing_enabled":true,"jetpack_shortlink":"https:\/\/wp.me\/p6RZ9W-1fI","jetpack_likes_enabled":true,"_links":{"self":[{"href":"https:\/\/wp.ufpel.edu.br\/ifm\/wp-json\/wp\/v2\/posts\/4818","targetHints":{"allow":["GET"]}}],"collection":[{"href":"https:\/\/wp.ufpel.edu.br\/ifm\/wp-json\/wp\/v2\/posts"}],"about":[{"href":"https:\/\/wp.ufpel.edu.br\/ifm\/wp-json\/wp\/v2\/types\/post"}],"author":[{"embeddable":true,"href":"https:\/\/wp.ufpel.edu.br\/ifm\/wp-json\/wp\/v2\/users\/366"}],"replies":[{"embeddable":true,"href":"https:\/\/wp.ufpel.edu.br\/ifm\/wp-json\/wp\/v2\/comments?post=4818"}],"version-history":[{"count":2,"href":"https:\/\/wp.ufpel.edu.br\/ifm\/wp-json\/wp\/v2\/posts\/4818\/revisions"}],"predecessor-version":[{"id":4822,"href":"https:\/\/wp.ufpel.edu.br\/ifm\/wp-json\/wp\/v2\/posts\/4818\/revisions\/4822"}],"wp:attachment":[{"href":"https:\/\/wp.ufpel.edu.br\/ifm\/wp-json\/wp\/v2\/media?parent=4818"}],"wp:term":[{"taxonomy":"category","embeddable":true,"href":"https:\/\/wp.ufpel.edu.br\/ifm\/wp-json\/wp\/v2\/categories?post=4818"},{"taxonomy":"post_tag","embeddable":true,"href":"https:\/\/wp.ufpel.edu.br\/ifm\/wp-json\/wp\/v2\/tags?post=4818"}],"curies":[{"name":"wp","href":"https:\/\/api.w.org\/{rel}","templated":true}]}}