{"id":4812,"date":"2024-08-05T16:39:29","date_gmt":"2024-08-05T19:39:29","guid":{"rendered":"https:\/\/wp.ufpel.edu.br\/ifm\/?p=4812"},"modified":"2024-08-05T16:39:29","modified_gmt":"2024-08-05T19:39:29","slug":"canal-do-ifm-no-youtube","status":"publish","type":"post","link":"https:\/\/wp.ufpel.edu.br\/ifm\/2024\/08\/05\/canal-do-ifm-no-youtube\/","title":{"rendered":"Canal do IFM no YouTube"},"content":{"rendered":"<p style=\"text-align: justify;\"><a href=\"https:\/\/wp.ufpel.edu.br\/ifm\/files\/2024\/08\/noticia-240805-02.jpg\"><img class=\"alignleft wp-image-4811 size-medium\" src=\"https:\/\/wp.ufpel.edu.br\/ifm\/files\/2024\/08\/noticia-240805-02-400x225.jpg\" alt=\"\" width=\"400\" height=\"225\" srcset=\"https:\/\/wp.ufpel.edu.br\/ifm\/files\/2024\/08\/noticia-240805-02-400x225.jpg 400w, https:\/\/wp.ufpel.edu.br\/ifm\/files\/2024\/08\/noticia-240805-02-1024x576.jpg 1024w, https:\/\/wp.ufpel.edu.br\/ifm\/files\/2024\/08\/noticia-240805-02-768x432.jpg 768w, https:\/\/wp.ufpel.edu.br\/ifm\/files\/2024\/08\/noticia-240805-02.jpg 1280w\" sizes=\"(max-width: 400px) 100vw, 400px\" \/><\/a>O Instituto de F\u00edsica e Matem\u00e1tica da UFPel est\u00e1 de cara e endere\u00e7o novo no YouTube! E para a estreia dos v\u00eddeos super especiais, dispon\u00edveis em comemora\u00e7\u00e3o aos seus 55 anos, trazemos a Entrevista com Diego Moura &#8211; Mem\u00f3rias em Movimento: Entrevistas no IFM- UFPel (<a href=\"https:\/\/youtu.be\/q7AGMpK9Zw8?si=6wfGbxFKRT3Q8cvO\" target=\"_blank\" rel=\"noopener\">aqui<\/a>).<\/p>\n<p style=\"text-align: justify;\">Visite o nosso canal (<a href=\"https:\/\/www.youtube.com\/@IFMUFPel\" target=\"_blank\" rel=\"noopener\">aqui<\/a>), inscreva-se e n\u00e3o perca nenhuma novidade!<\/p>\n<p style=\"text-align: justify;\">Autor(a): Lisandra de Oliveira Sauer. Professora do Departamento de Matem\u00e1tica e Estat\u00edstica, IFM.<\/p>\n","protected":false},"excerpt":{"rendered":"<p>O Instituto de F\u00edsica e Matem\u00e1tica da UFPel est\u00e1 de cara e endere\u00e7o novo no YouTube! E para a estreia dos v\u00eddeos super especiais, dispon\u00edveis em comemora\u00e7\u00e3o aos seus 55 anos, trazemos a Entrevista com Diego Moura &#8211; Mem\u00f3rias em Movimento: Entrevistas no IFM- UFPel (aqui). Visite o nosso canal (aqui), inscreva-se e n\u00e3o perca [&hellip;]<\/p>\n","protected":false},"author":366,"featured_media":0,"comment_status":"closed","ping_status":"closed","sticky":false,"template":"","format":"standard","meta":{"jetpack_post_was_ever_published":false,"_jetpack_newsletter_access":"","_jetpack_dont_email_post_to_subs":false,"_jetpack_newsletter_tier_id":0,"_jetpack_memberships_contains_paywalled_content":false,"_jetpack_memberships_contains_paid_content":false,"footnotes":"","jetpack_publicize_message":"","jetpack_publicize_feature_enabled":true,"jetpack_social_post_already_shared":true,"jetpack_social_options":{"image_generator_settings":{"template":"highway","default_image_id":0,"font":"","enabled":false},"version":2}},"categories":[4],"tags":[],"class_list":["post-4812","post","type-post","status-publish","format-standard","hentry","category-noticias"],"jetpack_publicize_connections":[],"jetpack_featured_media_url":"","jetpack_sharing_enabled":true,"jetpack_shortlink":"https:\/\/wp.me\/p6RZ9W-1fC","jetpack_likes_enabled":true,"_links":{"self":[{"href":"https:\/\/wp.ufpel.edu.br\/ifm\/wp-json\/wp\/v2\/posts\/4812","targetHints":{"allow":["GET"]}}],"collection":[{"href":"https:\/\/wp.ufpel.edu.br\/ifm\/wp-json\/wp\/v2\/posts"}],"about":[{"href":"https:\/\/wp.ufpel.edu.br\/ifm\/wp-json\/wp\/v2\/types\/post"}],"author":[{"embeddable":true,"href":"https:\/\/wp.ufpel.edu.br\/ifm\/wp-json\/wp\/v2\/users\/366"}],"replies":[{"embeddable":true,"href":"https:\/\/wp.ufpel.edu.br\/ifm\/wp-json\/wp\/v2\/comments?post=4812"}],"version-history":[{"count":4,"href":"https:\/\/wp.ufpel.edu.br\/ifm\/wp-json\/wp\/v2\/posts\/4812\/revisions"}],"predecessor-version":[{"id":4817,"href":"https:\/\/wp.ufpel.edu.br\/ifm\/wp-json\/wp\/v2\/posts\/4812\/revisions\/4817"}],"wp:attachment":[{"href":"https:\/\/wp.ufpel.edu.br\/ifm\/wp-json\/wp\/v2\/media?parent=4812"}],"wp:term":[{"taxonomy":"category","embeddable":true,"href":"https:\/\/wp.ufpel.edu.br\/ifm\/wp-json\/wp\/v2\/categories?post=4812"},{"taxonomy":"post_tag","embeddable":true,"href":"https:\/\/wp.ufpel.edu.br\/ifm\/wp-json\/wp\/v2\/tags?post=4812"}],"curies":[{"name":"wp","href":"https:\/\/api.w.org\/{rel}","templated":true}]}}