{"id":2025,"date":"2014-07-11T15:08:18","date_gmt":"2014-07-11T18:08:18","guid":{"rendered":"http:\/\/ifm.ufpel.edu.br\/site\/?p=951"},"modified":"2015-02-09T11:08:06","modified_gmt":"2015-02-09T13:08:06","slug":"curso-de-matematica-basica","status":"publish","type":"post","link":"https:\/\/wp.ufpel.edu.br\/ifm\/2014\/07\/11\/curso-de-matematica-basica\/","title":{"rendered":"CURSO DE MATEM\u00c1TICA B\u00c1SICA"},"content":{"rendered":"<p>Informamos que o Projeto T\u00f3picos de Matem\u00e1tica Elementar &#8211; Inicia\u00e7\u00e3o ao C\u00e1lculo estar\u00e1 com inscri\u00e7\u00f5es abertas para o Curso de Matem\u00e1tica B\u00e1sica. Este ano a edi\u00e7\u00e3o do projeto abre vagas para alunos e funcion\u00e1rios da UFPel e tem como objetivos auxiliar estudantes e funcion\u00e1rios da institui\u00e7\u00e3o no refor\u00e7o dos seus conhecimentos de Matem\u00e1tica e preparar os alunos de gradua\u00e7\u00e3o da UFPel para as disciplinas de Pr\u00e9-C\u00e1lculo, C\u00e1lculo, \u00c1lgebra Linear e Geometria Anal\u00edtica.<\/p>\n<p>As inscri\u00e7\u00f5es ser\u00e3o abertas no per\u00edodo de 21\/07\/2014 a 04\/08\/2014, atrav\u00e9s do site: http:\/\/minerva.ufpel.edu.br\/~matematica.elementar\/<\/p>\n<p><a href=\"http:\/\/ifm.ufpel.edu.br\/site\/wp-content\/uploads\/2014\/07\/CURSO-DE-MATEM\u00c1TICA-B\u00c1SICA.jpg\"><img class=\"wp-image-950 alignnone\" title=\"CURSO DE MATEM\u00c1TICA B\u00c1SICA\" src=\"http:\/\/ifm.ufpel.edu.br\/site\/wp-content\/uploads\/2014\/07\/CURSO-DE-MATEM\u00c1TICA-B\u00c1SICA.jpg\" alt=\"\" width=\"386\" height=\"516\" \/><\/a><\/p>\n","protected":false},"excerpt":{"rendered":"<p>Informamos que o Projeto T\u00f3picos de Matem\u00e1tica Elementar &#8211; Inicia\u00e7\u00e3o ao C\u00e1lculo estar\u00e1 com inscri\u00e7\u00f5es abertas para o Curso de Matem\u00e1tica B\u00e1sica. Este ano a edi\u00e7\u00e3o do projeto abre vagas para alunos e funcion\u00e1rios da UFPel e tem como objetivos auxiliar estudantes e funcion\u00e1rios da institui\u00e7\u00e3o no refor\u00e7o dos seus conhecimentos de Matem\u00e1tica e preparar [&hellip;]<\/p>\n","protected":false},"author":366,"featured_media":0,"comment_status":"closed","ping_status":"closed","sticky":false,"template":"","format":"standard","meta":{"jetpack_post_was_ever_published":false,"_jetpack_newsletter_access":"","_jetpack_dont_email_post_to_subs":false,"_jetpack_newsletter_tier_id":0,"_jetpack_memberships_contains_paywalled_content":false,"_jetpack_memberships_contains_paid_content":false,"footnotes":"","jetpack_publicize_message":"","jetpack_publicize_feature_enabled":true,"jetpack_social_post_already_shared":false,"jetpack_social_options":{"image_generator_settings":{"template":"highway","default_image_id":0,"font":"","enabled":false},"version":2}},"categories":[4],"tags":[],"class_list":["post-2025","post","type-post","status-publish","format-standard","hentry","category-noticias"],"jetpack_publicize_connections":[],"jetpack_featured_media_url":"","jetpack_sharing_enabled":true,"jetpack_shortlink":"https:\/\/wp.me\/p6RZ9W-wF","jetpack_likes_enabled":true,"_links":{"self":[{"href":"https:\/\/wp.ufpel.edu.br\/ifm\/wp-json\/wp\/v2\/posts\/2025","targetHints":{"allow":["GET"]}}],"collection":[{"href":"https:\/\/wp.ufpel.edu.br\/ifm\/wp-json\/wp\/v2\/posts"}],"about":[{"href":"https:\/\/wp.ufpel.edu.br\/ifm\/wp-json\/wp\/v2\/types\/post"}],"author":[{"embeddable":true,"href":"https:\/\/wp.ufpel.edu.br\/ifm\/wp-json\/wp\/v2\/users\/366"}],"replies":[{"embeddable":true,"href":"https:\/\/wp.ufpel.edu.br\/ifm\/wp-json\/wp\/v2\/comments?post=2025"}],"version-history":[{"count":1,"href":"https:\/\/wp.ufpel.edu.br\/ifm\/wp-json\/wp\/v2\/posts\/2025\/revisions"}],"predecessor-version":[{"id":2044,"href":"https:\/\/wp.ufpel.edu.br\/ifm\/wp-json\/wp\/v2\/posts\/2025\/revisions\/2044"}],"wp:attachment":[{"href":"https:\/\/wp.ufpel.edu.br\/ifm\/wp-json\/wp\/v2\/media?parent=2025"}],"wp:term":[{"taxonomy":"category","embeddable":true,"href":"https:\/\/wp.ufpel.edu.br\/ifm\/wp-json\/wp\/v2\/categories?post=2025"},{"taxonomy":"post_tag","embeddable":true,"href":"https:\/\/wp.ufpel.edu.br\/ifm\/wp-json\/wp\/v2\/tags?post=2025"}],"curies":[{"name":"wp","href":"https:\/\/api.w.org\/{rel}","templated":true}]}}