{"id":2024,"date":"2014-06-23T09:34:54","date_gmt":"2014-06-23T12:34:54","guid":{"rendered":"http:\/\/ifm.ufpel.edu.br\/site\/?p=943"},"modified":"2015-02-09T11:08:06","modified_gmt":"2015-02-09T13:08:06","slug":"matematica-promove-sua-16a-semana-academica","status":"publish","type":"post","link":"https:\/\/wp.ufpel.edu.br\/ifm\/2014\/06\/23\/matematica-promove-sua-16a-semana-academica\/","title":{"rendered":"Matem\u00e1tica promove sua 16\u00aa Semana Acad\u00eamica"},"content":{"rendered":"<p>O curso de Matem\u00e1tica Licenciatura est\u00e1 promovendo a sua XVI Semana Acad\u00eamica. O Evento ter\u00e1 in\u00edcio nesta ter\u00e7a-feira(24) e se estende at\u00e9 o dia 28. O valor das inscri\u00e7\u00f5es \u00e9 de R$ 15 para um turno (tarde ou noite) e R$ 25 para os dois turnos. Os alunos ganhar\u00e3o certificados de participa\u00e7\u00e3o no evento mediante a confirma\u00e7\u00e3o de no m\u00ednimo 75% de presen\u00e7a. Mais informa\u00e7\u00f5es poder\u00e3o ser obtidas atrav\u00e9s do e-mail que est\u00e1 no cartaz de divulga\u00e7\u00e3o do evento.<\/p>\n<p><a href=\"http:\/\/ifm.ufpel.edu.br\/site\/wp-content\/uploads\/2014\/06\/Folder-Semana-Acad\u00eamica-Matem\u00e1tica.jpg\"><img class=\"alignnone  wp-image-942\" title=\"Folder Semana Acad\u00eamica Matem\u00e1tica\" src=\"http:\/\/ifm.ufpel.edu.br\/site\/wp-content\/uploads\/2014\/06\/Folder-Semana-Acad\u00eamica-Matem\u00e1tica.jpg\" alt=\"\" width=\"397\" height=\"660\" \/><\/a><\/p>\n","protected":false},"excerpt":{"rendered":"<p>O curso de Matem\u00e1tica Licenciatura est\u00e1 promovendo a sua XVI Semana Acad\u00eamica. O Evento ter\u00e1 in\u00edcio nesta ter\u00e7a-feira(24) e se estende at\u00e9 o dia 28. O valor das inscri\u00e7\u00f5es \u00e9 de R$ 15 para um turno (tarde ou noite) e R$ 25 para os dois turnos. Os alunos ganhar\u00e3o certificados de participa\u00e7\u00e3o no evento mediante [&hellip;]<\/p>\n","protected":false},"author":366,"featured_media":0,"comment_status":"closed","ping_status":"closed","sticky":false,"template":"","format":"standard","meta":{"jetpack_post_was_ever_published":false,"_jetpack_newsletter_access":"","_jetpack_dont_email_post_to_subs":false,"_jetpack_newsletter_tier_id":0,"_jetpack_memberships_contains_paywalled_content":false,"_jetpack_memberships_contains_paid_content":false,"footnotes":"","jetpack_publicize_message":"","jetpack_publicize_feature_enabled":true,"jetpack_social_post_already_shared":false,"jetpack_social_options":{"image_generator_settings":{"template":"highway","default_image_id":0,"font":"","enabled":false},"version":2}},"categories":[4],"tags":[],"class_list":["post-2024","post","type-post","status-publish","format-standard","hentry","category-noticias"],"jetpack_publicize_connections":[],"jetpack_featured_media_url":"","jetpack_sharing_enabled":true,"jetpack_shortlink":"https:\/\/wp.me\/p6RZ9W-wE","jetpack_likes_enabled":true,"_links":{"self":[{"href":"https:\/\/wp.ufpel.edu.br\/ifm\/wp-json\/wp\/v2\/posts\/2024","targetHints":{"allow":["GET"]}}],"collection":[{"href":"https:\/\/wp.ufpel.edu.br\/ifm\/wp-json\/wp\/v2\/posts"}],"about":[{"href":"https:\/\/wp.ufpel.edu.br\/ifm\/wp-json\/wp\/v2\/types\/post"}],"author":[{"embeddable":true,"href":"https:\/\/wp.ufpel.edu.br\/ifm\/wp-json\/wp\/v2\/users\/366"}],"replies":[{"embeddable":true,"href":"https:\/\/wp.ufpel.edu.br\/ifm\/wp-json\/wp\/v2\/comments?post=2024"}],"version-history":[{"count":1,"href":"https:\/\/wp.ufpel.edu.br\/ifm\/wp-json\/wp\/v2\/posts\/2024\/revisions"}],"predecessor-version":[{"id":2045,"href":"https:\/\/wp.ufpel.edu.br\/ifm\/wp-json\/wp\/v2\/posts\/2024\/revisions\/2045"}],"wp:attachment":[{"href":"https:\/\/wp.ufpel.edu.br\/ifm\/wp-json\/wp\/v2\/media?parent=2024"}],"wp:term":[{"taxonomy":"category","embeddable":true,"href":"https:\/\/wp.ufpel.edu.br\/ifm\/wp-json\/wp\/v2\/categories?post=2024"},{"taxonomy":"post_tag","embeddable":true,"href":"https:\/\/wp.ufpel.edu.br\/ifm\/wp-json\/wp\/v2\/tags?post=2024"}],"curies":[{"name":"wp","href":"https:\/\/api.w.org\/{rel}","templated":true}]}}