{"id":969,"date":"2019-05-29T13:49:37","date_gmt":"2019-05-29T16:49:37","guid":{"rendered":"https:\/\/wp.ufpel.edu.br\/ifisp\/?p=969"},"modified":"2019-05-29T13:51:34","modified_gmt":"2019-05-29T16:51:34","slug":"nota-do-conselho-universitario-da-ufpel","status":"publish","type":"post","link":"https:\/\/wp.ufpel.edu.br\/ifisp\/?p=969","title":{"rendered":"Nota do Conselho Universit\u00e1rio da UFPel"},"content":{"rendered":"<p>O Conselho Universit\u00e1rio da UFPel, reunido nesta ter\u00e7a-feira (28), lan\u00e7ou uma Nota de Apoio ao Ato do dia 30: \u201cO Conselho Universit\u00e1rio da Universidade Federal de Pelotas declara seu apoio \u00e0s manifesta\u00e7\u00f5es em defesa da educa\u00e7\u00e3o p\u00fablica no Brasil marcadas para o dia 30 de maio. Para as quais conclama a sociedade a demonstrar seu apoio \u00e0 universidade p\u00fablica, gratuita, inclusiva e de qualidade\u201d.<\/p>\n<p><a href=\"https:\/\/wp.ufpel.edu.br\/ifisp\/2019\/05\/01\/manifestacao-do-forum-de-diretores-da-ufpel\/as\/\" rel=\"attachment wp-att-940\"><img data-attachment-id=\"940\" data-permalink=\"https:\/\/wp.ufpel.edu.br\/ifisp\/?attachment_id=940\" data-orig-file=\"https:\/\/wp.ufpel.edu.br\/ifisp\/files\/2019\/05\/as.png\" data-orig-size=\"157,161\" data-comments-opened=\"0\" data-image-meta=\"{&quot;aperture&quot;:&quot;0&quot;,&quot;credit&quot;:&quot;&quot;,&quot;camera&quot;:&quot;&quot;,&quot;caption&quot;:&quot;&quot;,&quot;created_timestamp&quot;:&quot;0&quot;,&quot;copyright&quot;:&quot;&quot;,&quot;focal_length&quot;:&quot;0&quot;,&quot;iso&quot;:&quot;0&quot;,&quot;shutter_speed&quot;:&quot;0&quot;,&quot;title&quot;:&quot;&quot;,&quot;orientation&quot;:&quot;0&quot;}\" data-image-title=\"as\" data-image-description=\"\" data-image-caption=\"\" data-medium-file=\"https:\/\/wp.ufpel.edu.br\/ifisp\/files\/2019\/05\/as.png\" data-large-file=\"https:\/\/wp.ufpel.edu.br\/ifisp\/files\/2019\/05\/as.png\" class=\"size-full wp-image-940 aligncenter\" src=\"https:\/\/wp.ufpel.edu.br\/ifisp\/files\/2019\/05\/as.png\" alt=\"\" width=\"157\" height=\"161\" srcset=\"https:\/\/wp.ufpel.edu.br\/ifisp\/files\/2019\/05\/as.png 157w, https:\/\/wp.ufpel.edu.br\/ifisp\/files\/2019\/05\/as-155x159.png 155w\" sizes=\"(max-width: 157px) 100vw, 157px\" \/><\/a><\/p>\n","protected":false},"excerpt":{"rendered":"<p>O Conselho Universit\u00e1rio da UFPel, reunido nesta ter\u00e7a-feira (28), lan\u00e7ou uma Nota de Apoio ao Ato do dia 30: \u201cO Conselho Universit\u00e1rio da Universidade Federal de Pelotas declara seu apoio \u00e0s manifesta\u00e7\u00f5es em defesa da educa\u00e7\u00e3o p\u00fablica no Brasil marcadas para o dia 30 de maio. Para as quais conclama a sociedade a demonstrar seu [&hellip;]<\/p>\n","protected":false},"author":471,"featured_media":0,"comment_status":"closed","ping_status":"closed","sticky":false,"template":"","format":"standard","meta":{"advanced_seo_description":"","jetpack_seo_html_title":"","jetpack_seo_noindex":false,"jetpack_post_was_ever_published":false,"_jetpack_newsletter_access":"","_jetpack_dont_email_post_to_subs":false,"_jetpack_newsletter_tier_id":0,"_jetpack_memberships_contains_paywalled_content":false,"_jetpack_memberships_contains_paid_content":false,"footnotes":""},"categories":[18],"tags":[],"class_list":["post-969","post","type-post","status-publish","format-standard","hentry","category-arquivo"],"jetpack_featured_media_url":"","jetpack_sharing_enabled":true,"_links":{"self":[{"href":"https:\/\/wp.ufpel.edu.br\/ifisp\/index.php?rest_route=\/wp\/v2\/posts\/969","targetHints":{"allow":["GET"]}}],"collection":[{"href":"https:\/\/wp.ufpel.edu.br\/ifisp\/index.php?rest_route=\/wp\/v2\/posts"}],"about":[{"href":"https:\/\/wp.ufpel.edu.br\/ifisp\/index.php?rest_route=\/wp\/v2\/types\/post"}],"author":[{"embeddable":true,"href":"https:\/\/wp.ufpel.edu.br\/ifisp\/index.php?rest_route=\/wp\/v2\/users\/471"}],"replies":[{"embeddable":true,"href":"https:\/\/wp.ufpel.edu.br\/ifisp\/index.php?rest_route=%2Fwp%2Fv2%2Fcomments&post=969"}],"version-history":[{"count":3,"href":"https:\/\/wp.ufpel.edu.br\/ifisp\/index.php?rest_route=\/wp\/v2\/posts\/969\/revisions"}],"predecessor-version":[{"id":973,"href":"https:\/\/wp.ufpel.edu.br\/ifisp\/index.php?rest_route=\/wp\/v2\/posts\/969\/revisions\/973"}],"wp:attachment":[{"href":"https:\/\/wp.ufpel.edu.br\/ifisp\/index.php?rest_route=%2Fwp%2Fv2%2Fmedia&parent=969"}],"wp:term":[{"taxonomy":"category","embeddable":true,"href":"https:\/\/wp.ufpel.edu.br\/ifisp\/index.php?rest_route=%2Fwp%2Fv2%2Fcategories&post=969"},{"taxonomy":"post_tag","embeddable":true,"href":"https:\/\/wp.ufpel.edu.br\/ifisp\/index.php?rest_route=%2Fwp%2Fv2%2Ftags&post=969"}],"curies":[{"name":"wp","href":"https:\/\/api.w.org\/{rel}","templated":true}]}}