{"id":962,"date":"2019-05-22T12:52:09","date_gmt":"2019-05-22T15:52:09","guid":{"rendered":"https:\/\/wp.ufpel.edu.br\/ifisp\/?p=962"},"modified":"2019-05-22T12:52:09","modified_gmt":"2019-05-22T15:52:09","slug":"ppgcpol-promove-o-iii-simposio-pos-estruturalismo-e-teoria-social-populismos-e-democracias","status":"publish","type":"post","link":"https:\/\/wp.ufpel.edu.br\/ifisp\/?p=962","title":{"rendered":"PPGCPol promove o III Simp\u00f3sio P\u00f3s-Estruturalismo e Teoria Social: Populismos e Democracias"},"content":{"rendered":"<p style=\"font-weight: 400\">O PPGCPol e o Grupo de Pesquisa\u00a0Ideologia\u00a0e An\u00e1lise de Discurso promovem na pr\u00f3xima semana, dias 27, 28 e 29 de maio, o III Simp\u00f3sio P\u00f3s-Estruturalismo e Teoria Social: Populismos e Democracias. O evento conta com confer\u00eancias, mesas redondas e apresenta\u00e7\u00f5es de trabalho.\u00a0O Simp\u00f3sio est\u00e1 registrado como projeto de extens\u00e3o na UFPel e aceita inscri\u00e7\u00f5es de ouvintes. As atividades ser\u00e3o realizadas no CEHUS.\u00a0Mais informa\u00e7\u00f5es est\u00e3o dispon\u00edveis no site:\u00a0<a href=\"https:\/\/wp.ufpel.edu.br\/legadolaclau\/pt\/\" data-saferedirecturl=\"https:\/\/www.google.com\/url?q=https:\/\/wp.ufpel.edu.br\/legadolaclau\/pt\/&amp;source=gmail&amp;ust=1558622298276000&amp;usg=AFQjCNETtcjJDbKb6wUiinT-ff3fA5JX4w\">https:\/\/wp.ufpel.edu.br\/legadolaclau\/pt\/<\/a>.<a href=\"https:\/\/wp.ufpel.edu.br\/ifisp\/2019\/05\/22\/ppgcpol-promove-o-iii-simposio-pos-estruturalismo-e-teoria-social-populismos-e-democracias\/banner-finalizado-1\/\" rel=\"attachment wp-att-964\"><img data-attachment-id=\"964\" data-permalink=\"https:\/\/wp.ufpel.edu.br\/ifisp\/?attachment_id=964\" data-orig-file=\"https:\/\/wp.ufpel.edu.br\/ifisp\/files\/2019\/05\/Banner-Finalizado-1.jpg\" data-orig-size=\"1654,2339\" data-comments-opened=\"0\" data-image-meta=\"{&quot;aperture&quot;:&quot;0&quot;,&quot;credit&quot;:&quot;&quot;,&quot;camera&quot;:&quot;&quot;,&quot;caption&quot;:&quot;&quot;,&quot;created_timestamp&quot;:&quot;0&quot;,&quot;copyright&quot;:&quot;&quot;,&quot;focal_length&quot;:&quot;0&quot;,&quot;iso&quot;:&quot;0&quot;,&quot;shutter_speed&quot;:&quot;0&quot;,&quot;title&quot;:&quot;&quot;,&quot;orientation&quot;:&quot;0&quot;}\" data-image-title=\"Banner-Finalizado-1\" data-image-description=\"\" data-image-caption=\"\" data-medium-file=\"https:\/\/wp.ufpel.edu.br\/ifisp\/files\/2019\/05\/Banner-Finalizado-1-225x318.jpg\" data-large-file=\"https:\/\/wp.ufpel.edu.br\/ifisp\/files\/2019\/05\/Banner-Finalizado-1-984x220.jpg\" class=\"alignnone size-medium wp-image-964\" src=\"https:\/\/wp.ufpel.edu.br\/ifisp\/files\/2019\/05\/Banner-Finalizado-1-225x318.jpg\" alt=\"\" width=\"225\" height=\"318\" srcset=\"https:\/\/wp.ufpel.edu.br\/ifisp\/files\/2019\/05\/Banner-Finalizado-1-225x318.jpg 225w, https:\/\/wp.ufpel.edu.br\/ifisp\/files\/2019\/05\/Banner-Finalizado-1-112x159.jpg 112w, https:\/\/wp.ufpel.edu.br\/ifisp\/files\/2019\/05\/Banner-Finalizado-1-768x1086.jpg 768w, https:\/\/wp.ufpel.edu.br\/ifisp\/files\/2019\/05\/Banner-Finalizado-1-212x300.jpg 212w, https:\/\/wp.ufpel.edu.br\/ifisp\/files\/2019\/05\/Banner-Finalizado-1.jpg 1654w\" sizes=\"(max-width: 225px) 100vw, 225px\" \/><\/a><\/p>\n","protected":false},"excerpt":{"rendered":"<p>O PPGCPol e o Grupo de Pesquisa\u00a0Ideologia\u00a0e An\u00e1lise de Discurso promovem na pr\u00f3xima semana, dias 27, 28 e 29 de maio, o III Simp\u00f3sio P\u00f3s-Estruturalismo e Teoria Social: Populismos e Democracias. O evento conta com confer\u00eancias, mesas redondas e apresenta\u00e7\u00f5es de trabalho.\u00a0O Simp\u00f3sio est\u00e1 registrado como projeto de extens\u00e3o na UFPel e aceita inscri\u00e7\u00f5es de [&hellip;]<\/p>\n","protected":false},"author":471,"featured_media":0,"comment_status":"closed","ping_status":"closed","sticky":false,"template":"","format":"standard","meta":{"advanced_seo_description":"","jetpack_seo_html_title":"","jetpack_seo_noindex":false,"jetpack_post_was_ever_published":false,"_jetpack_newsletter_access":"","_jetpack_dont_email_post_to_subs":false,"_jetpack_newsletter_tier_id":0,"_jetpack_memberships_contains_paywalled_content":false,"_jetpack_memberships_contains_paid_content":false,"footnotes":""},"categories":[18],"tags":[],"class_list":["post-962","post","type-post","status-publish","format-standard","hentry","category-arquivo"],"jetpack_featured_media_url":"","jetpack_sharing_enabled":true,"_links":{"self":[{"href":"https:\/\/wp.ufpel.edu.br\/ifisp\/index.php?rest_route=\/wp\/v2\/posts\/962","targetHints":{"allow":["GET"]}}],"collection":[{"href":"https:\/\/wp.ufpel.edu.br\/ifisp\/index.php?rest_route=\/wp\/v2\/posts"}],"about":[{"href":"https:\/\/wp.ufpel.edu.br\/ifisp\/index.php?rest_route=\/wp\/v2\/types\/post"}],"author":[{"embeddable":true,"href":"https:\/\/wp.ufpel.edu.br\/ifisp\/index.php?rest_route=\/wp\/v2\/users\/471"}],"replies":[{"embeddable":true,"href":"https:\/\/wp.ufpel.edu.br\/ifisp\/index.php?rest_route=%2Fwp%2Fv2%2Fcomments&post=962"}],"version-history":[{"count":2,"href":"https:\/\/wp.ufpel.edu.br\/ifisp\/index.php?rest_route=\/wp\/v2\/posts\/962\/revisions"}],"predecessor-version":[{"id":966,"href":"https:\/\/wp.ufpel.edu.br\/ifisp\/index.php?rest_route=\/wp\/v2\/posts\/962\/revisions\/966"}],"wp:attachment":[{"href":"https:\/\/wp.ufpel.edu.br\/ifisp\/index.php?rest_route=%2Fwp%2Fv2%2Fmedia&parent=962"}],"wp:term":[{"taxonomy":"category","embeddable":true,"href":"https:\/\/wp.ufpel.edu.br\/ifisp\/index.php?rest_route=%2Fwp%2Fv2%2Fcategories&post=962"},{"taxonomy":"post_tag","embeddable":true,"href":"https:\/\/wp.ufpel.edu.br\/ifisp\/index.php?rest_route=%2Fwp%2Fv2%2Ftags&post=962"}],"curies":[{"name":"wp","href":"https:\/\/api.w.org\/{rel}","templated":true}]}}