{"id":725,"date":"2017-12-17T15:29:46","date_gmt":"2017-12-17T17:29:46","guid":{"rendered":"https:\/\/wp.ufpel.edu.br\/ifisp\/?p=725"},"modified":"2024-07-24T18:18:01","modified_gmt":"2024-07-24T21:18:01","slug":"nucleo-de-ensino-e-pesquisa-em-filosofia-lanca-dois-novos-livros","status":"publish","type":"post","link":"https:\/\/wp.ufpel.edu.br\/ifisp\/?p=725","title":{"rendered":"N\u00facleo de Ensino e Pesquisa em Filosofia lan\u00e7a dois novos livros"},"content":{"rendered":"<p>O\u00a0N\u00facleo de Ensino e Pesquisa em Filosofia (NEPFil\/Editora UFPel) lan\u00e7a dois novos t\u00edtulos: <em>Do Romantismo a Nietzsche<\/em>, de Clademir Araldi (UFPel), e <em>A Media\u00e7\u00e3o Imperfeita em Paul Ricoeur<\/em>, de Adriane da Silva Machado M\u00f6bbs (UCPel\/UFPel). Os livros podem ser acessados gratuitamente em\u00a0http:\/\/nepfil.ufpel.edu.br\/.<\/p>\n<p><a href=\"https:\/\/wp.ufpel.edu.br\/ifisp\/2017\/12\/17\/nucleo-de-ensino-e-pesquisa-em-filosofia-lanca-dois-novos-livros\/img-20171212-wa0004\/\" rel=\"attachment wp-att-727\"><img data-attachment-id=\"727\" data-permalink=\"https:\/\/wp.ufpel.edu.br\/ifisp\/?attachment_id=727\" data-orig-file=\"https:\/\/wp.ufpel.edu.br\/ifisp\/files\/2017\/12\/IMG-20171212-WA0004.jpg\" data-orig-size=\"419,595\" data-comments-opened=\"0\" data-image-meta=\"{&quot;aperture&quot;:&quot;0&quot;,&quot;credit&quot;:&quot;&quot;,&quot;camera&quot;:&quot;&quot;,&quot;caption&quot;:&quot;&quot;,&quot;created_timestamp&quot;:&quot;0&quot;,&quot;copyright&quot;:&quot;&quot;,&quot;focal_length&quot;:&quot;0&quot;,&quot;iso&quot;:&quot;0&quot;,&quot;shutter_speed&quot;:&quot;0&quot;,&quot;title&quot;:&quot;&quot;,&quot;orientation&quot;:&quot;0&quot;}\" data-image-title=\"IMG-20171212-WA0004\" data-image-description=\"\" data-image-caption=\"\" data-medium-file=\"https:\/\/wp.ufpel.edu.br\/ifisp\/files\/2017\/12\/IMG-20171212-WA0004-224x318.jpg\" data-large-file=\"https:\/\/wp.ufpel.edu.br\/ifisp\/files\/2017\/12\/IMG-20171212-WA0004-419x220.jpg\" class=\"alignnone size-medium wp-image-727\" src=\"https:\/\/wp.ufpel.edu.br\/ifisp\/files\/2017\/12\/IMG-20171212-WA0004-224x318.jpg\" alt=\"\" width=\"224\" height=\"318\" srcset=\"https:\/\/wp.ufpel.edu.br\/ifisp\/files\/2017\/12\/IMG-20171212-WA0004-224x318.jpg 224w, https:\/\/wp.ufpel.edu.br\/ifisp\/files\/2017\/12\/IMG-20171212-WA0004-112x159.jpg 112w, https:\/\/wp.ufpel.edu.br\/ifisp\/files\/2017\/12\/IMG-20171212-WA0004-211x300.jpg 211w, https:\/\/wp.ufpel.edu.br\/ifisp\/files\/2017\/12\/IMG-20171212-WA0004.jpg 419w\" sizes=\"(max-width: 224px) 100vw, 224px\" \/><\/a><\/p>\n<p><a href=\"https:\/\/wp.ufpel.edu.br\/ifisp\/2017\/12\/17\/nucleo-de-ensino-e-pesquisa-em-filosofia-lanca-dois-novos-livros\/img-20171212-wa0003\/\" rel=\"attachment wp-att-728\"><img data-attachment-id=\"728\" data-permalink=\"https:\/\/wp.ufpel.edu.br\/ifisp\/?attachment_id=728\" data-orig-file=\"https:\/\/wp.ufpel.edu.br\/ifisp\/files\/2017\/12\/IMG-20171212-WA0003.jpg\" data-orig-size=\"419,595\" data-comments-opened=\"0\" data-image-meta=\"{&quot;aperture&quot;:&quot;0&quot;,&quot;credit&quot;:&quot;&quot;,&quot;camera&quot;:&quot;&quot;,&quot;caption&quot;:&quot;&quot;,&quot;created_timestamp&quot;:&quot;0&quot;,&quot;copyright&quot;:&quot;&quot;,&quot;focal_length&quot;:&quot;0&quot;,&quot;iso&quot;:&quot;0&quot;,&quot;shutter_speed&quot;:&quot;0&quot;,&quot;title&quot;:&quot;&quot;,&quot;orientation&quot;:&quot;0&quot;}\" data-image-title=\"IMG-20171212-WA0003\" data-image-description=\"\" data-image-caption=\"\" data-medium-file=\"https:\/\/wp.ufpel.edu.br\/ifisp\/files\/2017\/12\/IMG-20171212-WA0003-224x318.jpg\" data-large-file=\"https:\/\/wp.ufpel.edu.br\/ifisp\/files\/2017\/12\/IMG-20171212-WA0003-419x220.jpg\" class=\"alignnone size-medium wp-image-728\" src=\"https:\/\/wp.ufpel.edu.br\/ifisp\/files\/2017\/12\/IMG-20171212-WA0003-224x318.jpg\" alt=\"\" width=\"224\" height=\"318\" srcset=\"https:\/\/wp.ufpel.edu.br\/ifisp\/files\/2017\/12\/IMG-20171212-WA0003-224x318.jpg 224w, https:\/\/wp.ufpel.edu.br\/ifisp\/files\/2017\/12\/IMG-20171212-WA0003-112x159.jpg 112w, https:\/\/wp.ufpel.edu.br\/ifisp\/files\/2017\/12\/IMG-20171212-WA0003-211x300.jpg 211w, https:\/\/wp.ufpel.edu.br\/ifisp\/files\/2017\/12\/IMG-20171212-WA0003.jpg 419w\" sizes=\"(max-width: 224px) 100vw, 224px\" \/><\/a><\/p>\n","protected":false},"excerpt":{"rendered":"<p>O\u00a0N\u00facleo de Ensino e Pesquisa em Filosofia (NEPFil\/Editora UFPel) lan\u00e7a dois novos t\u00edtulos: Do Romantismo a Nietzsche, de Clademir Araldi (UFPel), e A Media\u00e7\u00e3o Imperfeita em Paul Ricoeur, de Adriane da Silva Machado M\u00f6bbs (UCPel\/UFPel). Os livros podem ser acessados gratuitamente em\u00a0http:\/\/nepfil.ufpel.edu.br\/.<\/p>\n","protected":false},"author":471,"featured_media":0,"comment_status":"closed","ping_status":"closed","sticky":false,"template":"","format":"standard","meta":{"advanced_seo_description":"","jetpack_seo_html_title":"","jetpack_seo_noindex":false,"jetpack_post_was_ever_published":false,"_jetpack_newsletter_access":"","_jetpack_dont_email_post_to_subs":false,"_jetpack_newsletter_tier_id":0,"_jetpack_memberships_contains_paywalled_content":false,"_jetpack_memberships_contains_paid_content":false,"footnotes":""},"categories":[18,70],"tags":[],"class_list":["post-725","post","type-post","status-publish","format-standard","hentry","category-arquivo","category-nepfil-online"],"jetpack_featured_media_url":"","jetpack_sharing_enabled":true,"_links":{"self":[{"href":"https:\/\/wp.ufpel.edu.br\/ifisp\/index.php?rest_route=\/wp\/v2\/posts\/725","targetHints":{"allow":["GET"]}}],"collection":[{"href":"https:\/\/wp.ufpel.edu.br\/ifisp\/index.php?rest_route=\/wp\/v2\/posts"}],"about":[{"href":"https:\/\/wp.ufpel.edu.br\/ifisp\/index.php?rest_route=\/wp\/v2\/types\/post"}],"author":[{"embeddable":true,"href":"https:\/\/wp.ufpel.edu.br\/ifisp\/index.php?rest_route=\/wp\/v2\/users\/471"}],"replies":[{"embeddable":true,"href":"https:\/\/wp.ufpel.edu.br\/ifisp\/index.php?rest_route=%2Fwp%2Fv2%2Fcomments&post=725"}],"version-history":[{"count":2,"href":"https:\/\/wp.ufpel.edu.br\/ifisp\/index.php?rest_route=\/wp\/v2\/posts\/725\/revisions"}],"predecessor-version":[{"id":730,"href":"https:\/\/wp.ufpel.edu.br\/ifisp\/index.php?rest_route=\/wp\/v2\/posts\/725\/revisions\/730"}],"wp:attachment":[{"href":"https:\/\/wp.ufpel.edu.br\/ifisp\/index.php?rest_route=%2Fwp%2Fv2%2Fmedia&parent=725"}],"wp:term":[{"taxonomy":"category","embeddable":true,"href":"https:\/\/wp.ufpel.edu.br\/ifisp\/index.php?rest_route=%2Fwp%2Fv2%2Fcategories&post=725"},{"taxonomy":"post_tag","embeddable":true,"href":"https:\/\/wp.ufpel.edu.br\/ifisp\/index.php?rest_route=%2Fwp%2Fv2%2Ftags&post=725"}],"curies":[{"name":"wp","href":"https:\/\/api.w.org\/{rel}","templated":true}]}}