{"id":3347,"date":"2025-05-26T09:42:13","date_gmt":"2025-05-26T12:42:13","guid":{"rendered":"https:\/\/wp.ufpel.edu.br\/ifisp\/?p=3347"},"modified":"2025-05-26T09:42:13","modified_gmt":"2025-05-26T12:42:13","slug":"programa-de-pos-graduacao-em-ciencia-politica-lanca-editais-de-selecoes-para-as-turmas-de-mestrado-e-de-doutorado-de-2025","status":"publish","type":"post","link":"https:\/\/wp.ufpel.edu.br\/ifisp\/?p=3347","title":{"rendered":"Programa de P\u00f3s-Gradua\u00e7\u00e3o em Ci\u00eancia Pol\u00edtica lan\u00e7a editais de sele\u00e7\u00f5es para as turmas de Mestrado e de Doutorado de 2025"},"content":{"rendered":"<p>Est\u00e3o dispon\u00edveis os Edital de Sele\u00e7\u00e3o do PPGCPol\/UFPel para as turmas de Mestrado e de Doutorado 2025:<\/p>\n<p><a href=\"https:\/\/wp.ufpel.edu.br\/ppgcienciapolitica\/files\/2025\/05\/Edital-Mestrado-2025-PPGCPolUFPel.pdf\">Edital Sele\u00e7\u00e3o Mestrado 2025 PPGCPol\/UFPel<\/a><\/p>\n<p><a href=\"https:\/\/wp.ufpel.edu.br\/ppgcienciapolitica\/files\/2025\/05\/Edital-Doutorado-2025-PPGCPolUFPel.pdf\">Edital Sele\u00e7\u00e3o Doutorado 2025 PPGCPol\/UFPel<\/a><\/p>\n<p><img data-attachment-id=\"3348\" data-permalink=\"https:\/\/wp.ufpel.edu.br\/ifisp\/?attachment_id=3348\" data-orig-file=\"https:\/\/wp.ufpel.edu.br\/ifisp\/files\/2025\/05\/Divulgacao-Selecoes-2025-4.png\" data-orig-size=\"1080,1080\" data-comments-opened=\"0\" data-image-meta=\"{&quot;aperture&quot;:&quot;0&quot;,&quot;credit&quot;:&quot;&quot;,&quot;camera&quot;:&quot;&quot;,&quot;caption&quot;:&quot;&quot;,&quot;created_timestamp&quot;:&quot;0&quot;,&quot;copyright&quot;:&quot;&quot;,&quot;focal_length&quot;:&quot;0&quot;,&quot;iso&quot;:&quot;0&quot;,&quot;shutter_speed&quot;:&quot;0&quot;,&quot;title&quot;:&quot;&quot;,&quot;orientation&quot;:&quot;0&quot;}\" data-image-title=\"Divulga\u00e7\u00e3o Sele\u00e7\u00f5es 2025-4\" data-image-description=\"\" data-image-caption=\"\" data-medium-file=\"https:\/\/wp.ufpel.edu.br\/ifisp\/files\/2025\/05\/Divulgacao-Selecoes-2025-4-400x400.png\" data-large-file=\"https:\/\/wp.ufpel.edu.br\/ifisp\/files\/2025\/05\/Divulgacao-Selecoes-2025-4-1024x1024.png\" class=\"aligncenter  wp-image-3348\" src=\"https:\/\/wp.ufpel.edu.br\/ifisp\/files\/2025\/05\/Divulgacao-Selecoes-2025-4.png\" alt=\"\" width=\"710\" height=\"710\" srcset=\"https:\/\/wp.ufpel.edu.br\/ifisp\/files\/2025\/05\/Divulgacao-Selecoes-2025-4.png 1080w, https:\/\/wp.ufpel.edu.br\/ifisp\/files\/2025\/05\/Divulgacao-Selecoes-2025-4-400x400.png 400w, https:\/\/wp.ufpel.edu.br\/ifisp\/files\/2025\/05\/Divulgacao-Selecoes-2025-4-1024x1024.png 1024w, https:\/\/wp.ufpel.edu.br\/ifisp\/files\/2025\/05\/Divulgacao-Selecoes-2025-4-200x200.png 200w, https:\/\/wp.ufpel.edu.br\/ifisp\/files\/2025\/05\/Divulgacao-Selecoes-2025-4-768x768.png 768w\" sizes=\"(max-width: 710px) 100vw, 710px\" \/><\/p>\n","protected":false},"excerpt":{"rendered":"<p>Est\u00e3o dispon\u00edveis os Edital de Sele\u00e7\u00e3o do PPGCPol\/UFPel para as turmas de Mestrado e de Doutorado 2025: Edital Sele\u00e7\u00e3o Mestrado 2025 PPGCPol\/UFPel Edital Sele\u00e7\u00e3o Doutorado 2025 PPGCPol\/UFPel<\/p>\n","protected":false},"author":1247,"featured_media":0,"comment_status":"closed","ping_status":"closed","sticky":false,"template":"","format":"standard","meta":{"advanced_seo_description":"","jetpack_seo_html_title":"","jetpack_seo_noindex":false,"jetpack_post_was_ever_published":false,"_jetpack_newsletter_access":"","_jetpack_dont_email_post_to_subs":false,"_jetpack_newsletter_tier_id":0,"_jetpack_memberships_contains_paywalled_content":false,"_jetpack_memberships_contains_paid_content":false,"footnotes":""},"categories":[32,44,33],"tags":[],"class_list":["post-3347","post","type-post","status-publish","format-standard","hentry","category-ciencia-politica","category-editas","category-pos-graduacao"],"jetpack_featured_media_url":"","jetpack_sharing_enabled":true,"_links":{"self":[{"href":"https:\/\/wp.ufpel.edu.br\/ifisp\/index.php?rest_route=\/wp\/v2\/posts\/3347","targetHints":{"allow":["GET"]}}],"collection":[{"href":"https:\/\/wp.ufpel.edu.br\/ifisp\/index.php?rest_route=\/wp\/v2\/posts"}],"about":[{"href":"https:\/\/wp.ufpel.edu.br\/ifisp\/index.php?rest_route=\/wp\/v2\/types\/post"}],"author":[{"embeddable":true,"href":"https:\/\/wp.ufpel.edu.br\/ifisp\/index.php?rest_route=\/wp\/v2\/users\/1247"}],"replies":[{"embeddable":true,"href":"https:\/\/wp.ufpel.edu.br\/ifisp\/index.php?rest_route=%2Fwp%2Fv2%2Fcomments&post=3347"}],"version-history":[{"count":1,"href":"https:\/\/wp.ufpel.edu.br\/ifisp\/index.php?rest_route=\/wp\/v2\/posts\/3347\/revisions"}],"predecessor-version":[{"id":3349,"href":"https:\/\/wp.ufpel.edu.br\/ifisp\/index.php?rest_route=\/wp\/v2\/posts\/3347\/revisions\/3349"}],"wp:attachment":[{"href":"https:\/\/wp.ufpel.edu.br\/ifisp\/index.php?rest_route=%2Fwp%2Fv2%2Fmedia&parent=3347"}],"wp:term":[{"taxonomy":"category","embeddable":true,"href":"https:\/\/wp.ufpel.edu.br\/ifisp\/index.php?rest_route=%2Fwp%2Fv2%2Fcategories&post=3347"},{"taxonomy":"post_tag","embeddable":true,"href":"https:\/\/wp.ufpel.edu.br\/ifisp\/index.php?rest_route=%2Fwp%2Fv2%2Ftags&post=3347"}],"curies":[{"name":"wp","href":"https:\/\/api.w.org\/{rel}","templated":true}]}}