{"id":3343,"date":"2025-05-23T16:11:51","date_gmt":"2025-05-23T19:11:51","guid":{"rendered":"https:\/\/wp.ufpel.edu.br\/ifisp\/?p=3343"},"modified":"2025-05-23T16:11:51","modified_gmt":"2025-05-23T19:11:51","slug":"minicurso-o-problema-dos-universais-uma-introducao-ministrado-pelo-dr-dionatan-tissot","status":"publish","type":"post","link":"https:\/\/wp.ufpel.edu.br\/ifisp\/?p=3343","title":{"rendered":"Minicurso &#8220;O problema dos universais: uma introdu\u00e7\u00e3o&#8221;, ministrado pelo Dr. Dionatan Tissot"},"content":{"rendered":"<p data-start=\"0\" data-end=\"226\">O Departamento de Filosofia do Instituto de Filosofia, Sociologia e Pol\u00edtica da UFPel promove o minicurso <em>&#8220;O problema dos universais: uma introdu\u00e7\u00e3o&#8221;,<\/em> ministrado pelo Dr. Dionatan Tissot. O evento ser\u00e1 realizado em duas datas:<\/p>\n<ul data-start=\"228\" data-end=\"335\">\n<li data-start=\"228\" data-end=\"281\">\n<p data-start=\"230\" data-end=\"281\">25 de junho de 2025, \u00e0s 14h, na sala 205 do IFISP<\/p>\n<\/li>\n<li data-start=\"282\" data-end=\"335\">\n<p data-start=\"284\" data-end=\"335\">27 de junho de 2025, \u00e0s 14h, na sala 206 do IFISP<\/p>\n<\/li>\n<\/ul>\n<p data-start=\"337\" data-end=\"377\" data-is-last-node=\"\" data-is-only-node=\"\">As inscri\u00e7\u00f5es ser\u00e3o realizadas no local.<\/p>\n<p data-start=\"337\" data-end=\"377\" data-is-last-node=\"\" data-is-only-node=\"\">\n<p data-start=\"337\" data-end=\"377\" data-is-last-node=\"\" data-is-only-node=\"\"><img data-attachment-id=\"3344\" data-permalink=\"https:\/\/wp.ufpel.edu.br\/ifisp\/?attachment_id=3344\" data-orig-file=\"https:\/\/wp.ufpel.edu.br\/ifisp\/files\/2025\/05\/minicurso-O-problema-dos-universais.jpg\" data-orig-size=\"1080,1080\" data-comments-opened=\"0\" data-image-meta=\"{&quot;aperture&quot;:&quot;0&quot;,&quot;credit&quot;:&quot;&quot;,&quot;camera&quot;:&quot;&quot;,&quot;caption&quot;:&quot;&quot;,&quot;created_timestamp&quot;:&quot;0&quot;,&quot;copyright&quot;:&quot;&quot;,&quot;focal_length&quot;:&quot;0&quot;,&quot;iso&quot;:&quot;0&quot;,&quot;shutter_speed&quot;:&quot;0&quot;,&quot;title&quot;:&quot;&quot;,&quot;orientation&quot;:&quot;0&quot;}\" data-image-title=\"minicurso O problema dos universais\" data-image-description=\"\" data-image-caption=\"\" data-medium-file=\"https:\/\/wp.ufpel.edu.br\/ifisp\/files\/2025\/05\/minicurso-O-problema-dos-universais-400x400.jpg\" data-large-file=\"https:\/\/wp.ufpel.edu.br\/ifisp\/files\/2025\/05\/minicurso-O-problema-dos-universais-1024x1024.jpg\" class=\"aligncenter size-full wp-image-3344\" src=\"https:\/\/wp.ufpel.edu.br\/ifisp\/files\/2025\/05\/minicurso-O-problema-dos-universais.jpg\" alt=\"\" width=\"1080\" height=\"1080\" srcset=\"https:\/\/wp.ufpel.edu.br\/ifisp\/files\/2025\/05\/minicurso-O-problema-dos-universais.jpg 1080w, https:\/\/wp.ufpel.edu.br\/ifisp\/files\/2025\/05\/minicurso-O-problema-dos-universais-400x400.jpg 400w, https:\/\/wp.ufpel.edu.br\/ifisp\/files\/2025\/05\/minicurso-O-problema-dos-universais-1024x1024.jpg 1024w, https:\/\/wp.ufpel.edu.br\/ifisp\/files\/2025\/05\/minicurso-O-problema-dos-universais-200x200.jpg 200w, https:\/\/wp.ufpel.edu.br\/ifisp\/files\/2025\/05\/minicurso-O-problema-dos-universais-768x768.jpg 768w\" sizes=\"(max-width: 1080px) 100vw, 1080px\" \/><\/p>\n","protected":false},"excerpt":{"rendered":"<p>O Departamento de Filosofia do Instituto de Filosofia, Sociologia e Pol\u00edtica da UFPel promove o minicurso &#8220;O problema dos universais: uma introdu\u00e7\u00e3o&#8221;, ministrado pelo Dr. Dionatan Tissot. O evento ser\u00e1 realizado em duas datas: 25 de junho de 2025, \u00e0s 14h, na sala 205 do IFISP 27 de junho de 2025, \u00e0s 14h, na sala [&hellip;]<\/p>\n","protected":false},"author":1247,"featured_media":0,"comment_status":"closed","ping_status":"closed","sticky":false,"template":"","format":"standard","meta":{"advanced_seo_description":"","jetpack_seo_html_title":"","jetpack_seo_noindex":false,"jetpack_post_was_ever_published":false,"_jetpack_newsletter_access":"","_jetpack_dont_email_post_to_subs":false,"_jetpack_newsletter_tier_id":0,"_jetpack_memberships_contains_paywalled_content":false,"_jetpack_memberships_contains_paid_content":false,"footnotes":""},"categories":[42,22],"tags":[],"class_list":["post-3343","post","type-post","status-publish","format-standard","hentry","category-eventos","category-filosofia"],"jetpack_featured_media_url":"","jetpack_sharing_enabled":true,"_links":{"self":[{"href":"https:\/\/wp.ufpel.edu.br\/ifisp\/index.php?rest_route=\/wp\/v2\/posts\/3343","targetHints":{"allow":["GET"]}}],"collection":[{"href":"https:\/\/wp.ufpel.edu.br\/ifisp\/index.php?rest_route=\/wp\/v2\/posts"}],"about":[{"href":"https:\/\/wp.ufpel.edu.br\/ifisp\/index.php?rest_route=\/wp\/v2\/types\/post"}],"author":[{"embeddable":true,"href":"https:\/\/wp.ufpel.edu.br\/ifisp\/index.php?rest_route=\/wp\/v2\/users\/1247"}],"replies":[{"embeddable":true,"href":"https:\/\/wp.ufpel.edu.br\/ifisp\/index.php?rest_route=%2Fwp%2Fv2%2Fcomments&post=3343"}],"version-history":[{"count":2,"href":"https:\/\/wp.ufpel.edu.br\/ifisp\/index.php?rest_route=\/wp\/v2\/posts\/3343\/revisions"}],"predecessor-version":[{"id":3346,"href":"https:\/\/wp.ufpel.edu.br\/ifisp\/index.php?rest_route=\/wp\/v2\/posts\/3343\/revisions\/3346"}],"wp:attachment":[{"href":"https:\/\/wp.ufpel.edu.br\/ifisp\/index.php?rest_route=%2Fwp%2Fv2%2Fmedia&parent=3343"}],"wp:term":[{"taxonomy":"category","embeddable":true,"href":"https:\/\/wp.ufpel.edu.br\/ifisp\/index.php?rest_route=%2Fwp%2Fv2%2Fcategories&post=3343"},{"taxonomy":"post_tag","embeddable":true,"href":"https:\/\/wp.ufpel.edu.br\/ifisp\/index.php?rest_route=%2Fwp%2Fv2%2Ftags&post=3343"}],"curies":[{"name":"wp","href":"https:\/\/api.w.org\/{rel}","templated":true}]}}