{"id":3328,"date":"2025-05-21T10:06:46","date_gmt":"2025-05-21T13:06:46","guid":{"rendered":"https:\/\/wp.ufpel.edu.br\/ifisp\/?p=3328"},"modified":"2025-05-21T13:38:30","modified_gmt":"2025-05-21T16:38:30","slug":"pintura-deslimites-de-uma-pratica-nova-exposicao-chega-ao-leme-no-dia-22-de-maio","status":"publish","type":"post","link":"https:\/\/wp.ufpel.edu.br\/ifisp\/?p=3328","title":{"rendered":"PINTURA: DESLIMITES DE UMA PR\u00c1TICA &#8211; Nova exposi\u00e7\u00e3o chega ao LEME no dia 22 de maio"},"content":{"rendered":"<p><img data-attachment-id=\"3329\" data-permalink=\"https:\/\/wp.ufpel.edu.br\/ifisp\/?attachment_id=3329\" data-orig-file=\"https:\/\/wp.ufpel.edu.br\/ifisp\/files\/2025\/05\/PINTURA.jpg\" data-orig-size=\"1080,1350\" data-comments-opened=\"0\" data-image-meta=\"{&quot;aperture&quot;:&quot;0&quot;,&quot;credit&quot;:&quot;&quot;,&quot;camera&quot;:&quot;&quot;,&quot;caption&quot;:&quot;&quot;,&quot;created_timestamp&quot;:&quot;0&quot;,&quot;copyright&quot;:&quot;&quot;,&quot;focal_length&quot;:&quot;0&quot;,&quot;iso&quot;:&quot;0&quot;,&quot;shutter_speed&quot;:&quot;0&quot;,&quot;title&quot;:&quot;&quot;,&quot;orientation&quot;:&quot;0&quot;}\" data-image-title=\"PINTURA\" data-image-description=\"\" data-image-caption=\"\" data-medium-file=\"https:\/\/wp.ufpel.edu.br\/ifisp\/files\/2025\/05\/PINTURA-320x400.jpg\" data-large-file=\"https:\/\/wp.ufpel.edu.br\/ifisp\/files\/2025\/05\/PINTURA-819x1024.jpg\" class=\"aligncenter wp-image-3329\" src=\"https:\/\/wp.ufpel.edu.br\/ifisp\/files\/2025\/05\/PINTURA.jpg\" alt=\"\" width=\"958\" height=\"1198\" srcset=\"https:\/\/wp.ufpel.edu.br\/ifisp\/files\/2025\/05\/PINTURA.jpg 1080w, https:\/\/wp.ufpel.edu.br\/ifisp\/files\/2025\/05\/PINTURA-320x400.jpg 320w, https:\/\/wp.ufpel.edu.br\/ifisp\/files\/2025\/05\/PINTURA-819x1024.jpg 819w, https:\/\/wp.ufpel.edu.br\/ifisp\/files\/2025\/05\/PINTURA-768x960.jpg 768w\" sizes=\"(max-width: 958px) 100vw, 958px\" \/><\/p>\n<p>Abre no dia 22 de maio, \u00e0s 17 h, a exposi\u00e7\u00e3o <em>Pintura: deslimites de uma pr\u00e1tica<\/em>, no <a href=\"https:\/\/wp.ufpel.edu.br\/ifisp\/?cat=64\">LEME (Laborat\u00f3rio Experimental de Montagem de Exposi\u00e7\u00f5es)<\/a>, situado no pr\u00e9dio do IFISP \/ UFPel. A exposi\u00e7\u00e3o, promovida pelo projeto de pesquisa Problema de Pintura: distens\u00f5es na pr\u00e1tica da pesquisa em arte, conta com trabalhos dos artistas Cl\u00f3vis Martins Costa, Daniel Acosta, Hugo Houayek, Santiago Pooter e Zalinda Cartaxo. O conjunto de trabalhos apresentados prop\u00f5e di\u00e1logos e contamina\u00e7\u00f5es entre produ\u00e7\u00f5es que tencionam os limites e possibilidades da linguagem pict\u00f3rica contempor\u00e2nea.<\/p>\n<h3>Servi\u00e7o<\/h3>\n<p><strong>Pintura<\/strong>: deslimites de uma pr\u00e1tica<\/p>\n<p><strong>Artistas participantes:<\/strong><br \/>\nCL\u00d3VIS MARTINS COSTA<br \/>\nDANIEL ACOSTA<br \/>\nHUGO HOUAYEK<br \/>\nSANTIAGO POOTER<br \/>\nZALINDA CARTAXO<\/p>\n<p><strong>CURADORIA<\/strong>: <a href=\"https:\/\/institucional.ufpel.edu.br\/servidores\/id\/157561\">CL\u00d3VIS MARTINS COSTA<\/a><\/p>\n<p><strong>PROMO\u00c7\u00c3O<\/strong>: <a href=\"https:\/\/institucional.ufpel.edu.br\/projetos\/id\/u5782\">PROJETO DE PESQUISA PROBLEMAS DE PINTURA: DISTENS\u00d5ES NA PR\u00c1TICA DA PESQUISA EM ARTE<\/a><\/p>\n<p><strong>ABERTURA<\/strong>: 22 -05 -25 \/ 17H<br \/>\n<strong>PER\u00cdODO DE EXPOSI\u00c7\u00c3O<\/strong>: DE 23 \/05 A 22\/08 DE 2025<br \/>\n<strong>LOCAL<\/strong>: LEME\u00a0\u2013\u00a0IFISP\u00a0\/\u00a0UFPEL<\/p>\n","protected":false},"excerpt":{"rendered":"<p>Abre no dia 22 de maio, \u00e0s 17 h, a exposi\u00e7\u00e3o Pintura: deslimites de uma pr\u00e1tica, no LEME (Laborat\u00f3rio Experimental de Montagem de Exposi\u00e7\u00f5es), situado no pr\u00e9dio do IFISP \/ UFPel. A exposi\u00e7\u00e3o, promovida pelo projeto de pesquisa Problema de Pintura: distens\u00f5es na pr\u00e1tica da pesquisa em arte, conta com trabalhos dos artistas Cl\u00f3vis Martins [&hellip;]<\/p>\n","protected":false},"author":1247,"featured_media":0,"comment_status":"closed","ping_status":"closed","sticky":false,"template":"","format":"standard","meta":{"advanced_seo_description":"","jetpack_seo_html_title":"","jetpack_seo_noindex":false,"jetpack_post_was_ever_published":false,"_jetpack_newsletter_access":"","_jetpack_dont_email_post_to_subs":false,"_jetpack_newsletter_tier_id":0,"_jetpack_memberships_contains_paywalled_content":false,"_jetpack_memberships_contains_paid_content":false,"footnotes":""},"categories":[42,39,64],"tags":[],"class_list":["post-3328","post","type-post","status-publish","format-standard","hentry","category-eventos","category-extensao","category-leme"],"jetpack_featured_media_url":"","jetpack_sharing_enabled":true,"_links":{"self":[{"href":"https:\/\/wp.ufpel.edu.br\/ifisp\/index.php?rest_route=\/wp\/v2\/posts\/3328","targetHints":{"allow":["GET"]}}],"collection":[{"href":"https:\/\/wp.ufpel.edu.br\/ifisp\/index.php?rest_route=\/wp\/v2\/posts"}],"about":[{"href":"https:\/\/wp.ufpel.edu.br\/ifisp\/index.php?rest_route=\/wp\/v2\/types\/post"}],"author":[{"embeddable":true,"href":"https:\/\/wp.ufpel.edu.br\/ifisp\/index.php?rest_route=\/wp\/v2\/users\/1247"}],"replies":[{"embeddable":true,"href":"https:\/\/wp.ufpel.edu.br\/ifisp\/index.php?rest_route=%2Fwp%2Fv2%2Fcomments&post=3328"}],"version-history":[{"count":5,"href":"https:\/\/wp.ufpel.edu.br\/ifisp\/index.php?rest_route=\/wp\/v2\/posts\/3328\/revisions"}],"predecessor-version":[{"id":3334,"href":"https:\/\/wp.ufpel.edu.br\/ifisp\/index.php?rest_route=\/wp\/v2\/posts\/3328\/revisions\/3334"}],"wp:attachment":[{"href":"https:\/\/wp.ufpel.edu.br\/ifisp\/index.php?rest_route=%2Fwp%2Fv2%2Fmedia&parent=3328"}],"wp:term":[{"taxonomy":"category","embeddable":true,"href":"https:\/\/wp.ufpel.edu.br\/ifisp\/index.php?rest_route=%2Fwp%2Fv2%2Fcategories&post=3328"},{"taxonomy":"post_tag","embeddable":true,"href":"https:\/\/wp.ufpel.edu.br\/ifisp\/index.php?rest_route=%2Fwp%2Fv2%2Ftags&post=3328"}],"curies":[{"name":"wp","href":"https:\/\/api.w.org\/{rel}","templated":true}]}}