{"id":3307,"date":"2025-04-29T11:06:32","date_gmt":"2025-04-29T14:06:32","guid":{"rendered":"https:\/\/wp.ufpel.edu.br\/ifisp\/?p=3307"},"modified":"2025-04-29T11:06:32","modified_gmt":"2025-04-29T14:06:32","slug":"mesa-redonda-movimentos-sociais-e-trabalho-na-contemporaneidade-desafios-com-recorte-de-genero-classe-e-raca","status":"publish","type":"post","link":"https:\/\/wp.ufpel.edu.br\/ifisp\/?p=3307","title":{"rendered":"Mesa-redonda: &#8220;Movimentos Sociais e Trabalho na Contemporaneidade: Desafios com Recorte de G\u00eanero, Classe e Ra\u00e7a&#8221;"},"content":{"rendered":"<p>No dia <strong>5 de maio, \u00e0s 19h<\/strong>, ocorrer\u00e1 a mesa-redonda <em>&#8220;Movimentos Sociais e Trabalho na Contemporaneidade: Desafios com Recorte de G\u00eanero, Classe e Ra\u00e7a&#8221;<\/em>, no <strong>IMA \u2013 Instituto M\u00e1rio Alves, localizado na Rua Cel. Alberto Rosa, 164<\/strong>. O evento ser\u00e1 h\u00edbrido, com transmiss\u00e3o pelo YouTube, emiss\u00e3o de certificados e vagas presenciais limitadas. Participar\u00e3o como convidados o Prof. Dr. Andr\u00e9 Pereira (IFSul), a Profa. Dra. Ana Paula D\u2019Avila (FURG) e a Profa. Dra. Rosangela Schulz (UFPel). A atividade integra a programa\u00e7\u00e3o da 2\u00aa edi\u00e7\u00e3o do <a href=\"https:\/\/www.instagram.com\/simplificando.politica\">Simplificando Pol\u00edtica<\/a> e conta com apoio de diversas institui\u00e7\u00f5es.<\/p>\n<p>&nbsp;<\/p>\n<p><img data-attachment-id=\"3308\" data-permalink=\"https:\/\/wp.ufpel.edu.br\/ifisp\/?attachment_id=3308\" data-orig-file=\"https:\/\/wp.ufpel.edu.br\/ifisp\/files\/2025\/04\/493307112_2963221240504141_7393798265025259307_n.jpg\" data-orig-size=\"1448,2048\" data-comments-opened=\"0\" data-image-meta=\"{&quot;aperture&quot;:&quot;0&quot;,&quot;credit&quot;:&quot;&quot;,&quot;camera&quot;:&quot;&quot;,&quot;caption&quot;:&quot;&quot;,&quot;created_timestamp&quot;:&quot;0&quot;,&quot;copyright&quot;:&quot;&quot;,&quot;focal_length&quot;:&quot;0&quot;,&quot;iso&quot;:&quot;0&quot;,&quot;shutter_speed&quot;:&quot;0&quot;,&quot;title&quot;:&quot;&quot;,&quot;orientation&quot;:&quot;0&quot;}\" data-image-title=\"493307112_2963221240504141_7393798265025259307_n\" data-image-description=\"\" data-image-caption=\"\" data-medium-file=\"https:\/\/wp.ufpel.edu.br\/ifisp\/files\/2025\/04\/493307112_2963221240504141_7393798265025259307_n-283x400.jpg\" data-large-file=\"https:\/\/wp.ufpel.edu.br\/ifisp\/files\/2025\/04\/493307112_2963221240504141_7393798265025259307_n-724x1024.jpg\" class=\"aligncenter size-full wp-image-3308\" src=\"https:\/\/wp.ufpel.edu.br\/ifisp\/files\/2025\/04\/493307112_2963221240504141_7393798265025259307_n.jpg\" alt=\"\" width=\"1448\" height=\"2048\" srcset=\"https:\/\/wp.ufpel.edu.br\/ifisp\/files\/2025\/04\/493307112_2963221240504141_7393798265025259307_n.jpg 1448w, https:\/\/wp.ufpel.edu.br\/ifisp\/files\/2025\/04\/493307112_2963221240504141_7393798265025259307_n-283x400.jpg 283w, https:\/\/wp.ufpel.edu.br\/ifisp\/files\/2025\/04\/493307112_2963221240504141_7393798265025259307_n-724x1024.jpg 724w, https:\/\/wp.ufpel.edu.br\/ifisp\/files\/2025\/04\/493307112_2963221240504141_7393798265025259307_n-768x1086.jpg 768w, https:\/\/wp.ufpel.edu.br\/ifisp\/files\/2025\/04\/493307112_2963221240504141_7393798265025259307_n-1086x1536.jpg 1086w\" sizes=\"(max-width: 1448px) 100vw, 1448px\" \/><\/p>\n","protected":false},"excerpt":{"rendered":"<p>No dia 5 de maio, \u00e0s 19h, ocorrer\u00e1 a mesa-redonda &#8220;Movimentos Sociais e Trabalho na Contemporaneidade: Desafios com Recorte de G\u00eanero, Classe e Ra\u00e7a&#8221;, no IMA \u2013 Instituto M\u00e1rio Alves, localizado na Rua Cel. Alberto Rosa, 164. O evento ser\u00e1 h\u00edbrido, com transmiss\u00e3o pelo YouTube, emiss\u00e3o de certificados e vagas presenciais limitadas. Participar\u00e3o como convidados [&hellip;]<\/p>\n","protected":false},"author":1247,"featured_media":0,"comment_status":"closed","ping_status":"closed","sticky":false,"template":"","format":"standard","meta":{"advanced_seo_description":"","jetpack_seo_html_title":"","jetpack_seo_noindex":false,"jetpack_post_was_ever_published":false,"_jetpack_newsletter_access":"","_jetpack_dont_email_post_to_subs":false,"_jetpack_newsletter_tier_id":0,"_jetpack_memberships_contains_paywalled_content":false,"_jetpack_memberships_contains_paid_content":false,"footnotes":""},"categories":[32,42,39],"tags":[],"class_list":["post-3307","post","type-post","status-publish","format-standard","hentry","category-ciencia-politica","category-eventos","category-extensao"],"jetpack_featured_media_url":"","jetpack_sharing_enabled":true,"_links":{"self":[{"href":"https:\/\/wp.ufpel.edu.br\/ifisp\/index.php?rest_route=\/wp\/v2\/posts\/3307","targetHints":{"allow":["GET"]}}],"collection":[{"href":"https:\/\/wp.ufpel.edu.br\/ifisp\/index.php?rest_route=\/wp\/v2\/posts"}],"about":[{"href":"https:\/\/wp.ufpel.edu.br\/ifisp\/index.php?rest_route=\/wp\/v2\/types\/post"}],"author":[{"embeddable":true,"href":"https:\/\/wp.ufpel.edu.br\/ifisp\/index.php?rest_route=\/wp\/v2\/users\/1247"}],"replies":[{"embeddable":true,"href":"https:\/\/wp.ufpel.edu.br\/ifisp\/index.php?rest_route=%2Fwp%2Fv2%2Fcomments&post=3307"}],"version-history":[{"count":1,"href":"https:\/\/wp.ufpel.edu.br\/ifisp\/index.php?rest_route=\/wp\/v2\/posts\/3307\/revisions"}],"predecessor-version":[{"id":3309,"href":"https:\/\/wp.ufpel.edu.br\/ifisp\/index.php?rest_route=\/wp\/v2\/posts\/3307\/revisions\/3309"}],"wp:attachment":[{"href":"https:\/\/wp.ufpel.edu.br\/ifisp\/index.php?rest_route=%2Fwp%2Fv2%2Fmedia&parent=3307"}],"wp:term":[{"taxonomy":"category","embeddable":true,"href":"https:\/\/wp.ufpel.edu.br\/ifisp\/index.php?rest_route=%2Fwp%2Fv2%2Fcategories&post=3307"},{"taxonomy":"post_tag","embeddable":true,"href":"https:\/\/wp.ufpel.edu.br\/ifisp\/index.php?rest_route=%2Fwp%2Fv2%2Ftags&post=3307"}],"curies":[{"name":"wp","href":"https:\/\/api.w.org\/{rel}","templated":true}]}}