{"id":3299,"date":"2025-04-10T15:11:50","date_gmt":"2025-04-10T18:11:50","guid":{"rendered":"https:\/\/wp.ufpel.edu.br\/ifisp\/?p=3299"},"modified":"2025-04-10T15:11:50","modified_gmt":"2025-04-10T18:11:50","slug":"grupo-de-estudos-nos-mulheres-e-o-circulos-da-violencia","status":"publish","type":"post","link":"https:\/\/wp.ufpel.edu.br\/ifisp\/?p=3299","title":{"rendered":"Grupo de estudos: &#8220;N\u00f3s, mulheres, e o c\u00edrculos da viol\u00eancia&#8221;"},"content":{"rendered":"<p>Est\u00e1 aberto o grupo de estudos \u201cN\u00f3s, mulheres, e o c\u00edrculo da viol\u00eancia\u201d, sob coordena\u00e7\u00e3o da Prof\u00aa Dr\u00aa Kelin Paliosa. Os encontros ocorrer\u00e3o quinzenalmente \u00e0s quartas-feiras, das 16h \u00e0s 17h30, com in\u00edcio no dia 07 de maio de 2025. Informa\u00e7\u00f5es podem ser obtidas pelo e-mail <a rel=\"noopener\" data-start=\"273\" data-end=\"293\">kpaliosa@hotmail.com<\/a>.<\/p>\n<p><img data-attachment-id=\"3300\" data-permalink=\"https:\/\/wp.ufpel.edu.br\/ifisp\/?attachment_id=3300\" data-orig-file=\"https:\/\/wp.ufpel.edu.br\/ifisp\/files\/2025\/04\/grupo-estudos-2025-profa-kelin.jpg\" data-orig-size=\"720,998\" data-comments-opened=\"0\" data-image-meta=\"{&quot;aperture&quot;:&quot;0&quot;,&quot;credit&quot;:&quot;&quot;,&quot;camera&quot;:&quot;&quot;,&quot;caption&quot;:&quot;&quot;,&quot;created_timestamp&quot;:&quot;0&quot;,&quot;copyright&quot;:&quot;&quot;,&quot;focal_length&quot;:&quot;0&quot;,&quot;iso&quot;:&quot;0&quot;,&quot;shutter_speed&quot;:&quot;0&quot;,&quot;title&quot;:&quot;&quot;,&quot;orientation&quot;:&quot;0&quot;}\" data-image-title=\"grupo estudos 2025 profa kelin\" data-image-description=\"\" data-image-caption=\"\" data-medium-file=\"https:\/\/wp.ufpel.edu.br\/ifisp\/files\/2025\/04\/grupo-estudos-2025-profa-kelin-289x400.jpg\" data-large-file=\"https:\/\/wp.ufpel.edu.br\/ifisp\/files\/2025\/04\/grupo-estudos-2025-profa-kelin.jpg\" class=\"aligncenter  wp-image-3300\" src=\"https:\/\/wp.ufpel.edu.br\/ifisp\/files\/2025\/04\/grupo-estudos-2025-profa-kelin.jpg\" alt=\"\" width=\"640\" height=\"887\" srcset=\"https:\/\/wp.ufpel.edu.br\/ifisp\/files\/2025\/04\/grupo-estudos-2025-profa-kelin.jpg 720w, https:\/\/wp.ufpel.edu.br\/ifisp\/files\/2025\/04\/grupo-estudos-2025-profa-kelin-289x400.jpg 289w\" sizes=\"(max-width: 640px) 100vw, 640px\" \/><\/p>\n","protected":false},"excerpt":{"rendered":"<p>Est\u00e1 aberto o grupo de estudos \u201cN\u00f3s, mulheres, e o c\u00edrculo da viol\u00eancia\u201d, sob coordena\u00e7\u00e3o da Prof\u00aa Dr\u00aa Kelin Paliosa. Os encontros ocorrer\u00e3o quinzenalmente \u00e0s quartas-feiras, das 16h \u00e0s 17h30, com in\u00edcio no dia 07 de maio de 2025. Informa\u00e7\u00f5es podem ser obtidas pelo e-mail kpaliosa@hotmail.com.<\/p>\n","protected":false},"author":1247,"featured_media":0,"comment_status":"closed","ping_status":"closed","sticky":false,"template":"","format":"standard","meta":{"advanced_seo_description":"","jetpack_seo_html_title":"","jetpack_seo_noindex":false,"jetpack_post_was_ever_published":false,"_jetpack_newsletter_access":"","_jetpack_dont_email_post_to_subs":false,"_jetpack_newsletter_tier_id":0,"_jetpack_memberships_contains_paywalled_content":false,"_jetpack_memberships_contains_paid_content":false,"footnotes":""},"categories":[22,60],"tags":[],"class_list":["post-3299","post","type-post","status-publish","format-standard","hentry","category-filosofia","category-grupo-de-estudos"],"jetpack_featured_media_url":"","jetpack_sharing_enabled":true,"_links":{"self":[{"href":"https:\/\/wp.ufpel.edu.br\/ifisp\/index.php?rest_route=\/wp\/v2\/posts\/3299","targetHints":{"allow":["GET"]}}],"collection":[{"href":"https:\/\/wp.ufpel.edu.br\/ifisp\/index.php?rest_route=\/wp\/v2\/posts"}],"about":[{"href":"https:\/\/wp.ufpel.edu.br\/ifisp\/index.php?rest_route=\/wp\/v2\/types\/post"}],"author":[{"embeddable":true,"href":"https:\/\/wp.ufpel.edu.br\/ifisp\/index.php?rest_route=\/wp\/v2\/users\/1247"}],"replies":[{"embeddable":true,"href":"https:\/\/wp.ufpel.edu.br\/ifisp\/index.php?rest_route=%2Fwp%2Fv2%2Fcomments&post=3299"}],"version-history":[{"count":1,"href":"https:\/\/wp.ufpel.edu.br\/ifisp\/index.php?rest_route=\/wp\/v2\/posts\/3299\/revisions"}],"predecessor-version":[{"id":3301,"href":"https:\/\/wp.ufpel.edu.br\/ifisp\/index.php?rest_route=\/wp\/v2\/posts\/3299\/revisions\/3301"}],"wp:attachment":[{"href":"https:\/\/wp.ufpel.edu.br\/ifisp\/index.php?rest_route=%2Fwp%2Fv2%2Fmedia&parent=3299"}],"wp:term":[{"taxonomy":"category","embeddable":true,"href":"https:\/\/wp.ufpel.edu.br\/ifisp\/index.php?rest_route=%2Fwp%2Fv2%2Fcategories&post=3299"},{"taxonomy":"post_tag","embeddable":true,"href":"https:\/\/wp.ufpel.edu.br\/ifisp\/index.php?rest_route=%2Fwp%2Fv2%2Ftags&post=3299"}],"curies":[{"name":"wp","href":"https:\/\/api.w.org\/{rel}","templated":true}]}}