{"id":3252,"date":"2024-11-26T17:45:15","date_gmt":"2024-11-26T20:45:15","guid":{"rendered":"https:\/\/wp.ufpel.edu.br\/ifisp\/?p=3252"},"modified":"2024-11-26T17:46:45","modified_gmt":"2024-11-26T20:46:45","slug":"workshop-online-soberania-popular-700-anos-do-defensor-pacis-de-marsilio-de-padua","status":"publish","type":"post","link":"https:\/\/wp.ufpel.edu.br\/ifisp\/?p=3252","title":{"rendered":"Workshop Online &#8220;Soberania Popular: 700 Anos do Defensor Pacis, de Mars\u00edlio de P\u00e1dua&#8221;"},"content":{"rendered":"<p>No dia 11 de dezembro de 2024, ser\u00e1 realizado o Workshop Online &#8220;Soberania Popular: 700 Anos do <em>Defensor Pacis<\/em> de Mars\u00edlio de P\u00e1dua (1324-2024)&#8221;. O evento come\u00e7ar\u00e1 \u00e0s 9h com a abertura, seguida por uma s\u00e9rie de palestras. Confira a programa\u00e7\u00e3o:<\/p>\n<p>9h: <strong>Abertura<\/strong><br \/>\n9h10: <strong>A obra<\/strong> &#8211; S\u00e9rgio Ricardo Strefling<br \/>\n9h30: <strong>A lei<\/strong> &#8211; Marcelo da Silva Fabres<br \/>\n9h50: <strong>O legislador<\/strong> &#8211; Gabriel Borges Knapp<br \/>\n10h10: <strong>A cidade<\/strong> &#8211; Lucas Duarte Silva<br \/>\n10h30: <strong>Debate<\/strong><br \/>\n11h: <strong>Encerramento<\/strong><\/p>\n<p>Para participar, as inscri\u00e7\u00f5es devem ser feitas at\u00e9 10 de dezembro, enviando nome completo e CPF para o e-mail <a rel=\"noopener\">marsiliopadua1324@gmail.com<\/a>. O link para participa\u00e7\u00e3o ser\u00e1 enviado por e-mail, e ser\u00e1 concedido certificado. O workshop \u00e9 organizado pelo Grupo de Estudos Mars\u00edlio de P\u00e1dua, do Departamento de Filosofia do IFISP\/UFPEL.<\/p>\n<p>&nbsp;<\/p>\n<p><img data-attachment-id=\"3253\" data-permalink=\"https:\/\/wp.ufpel.edu.br\/ifisp\/?attachment_id=3253\" data-orig-file=\"https:\/\/wp.ufpel.edu.br\/ifisp\/files\/2024\/11\/WORKSHOP-SOBERANIA-POPULAR-700-ANOS-DO-DEFENSOR-PACIS-DE-MARSILIO-DE-PADUA-1324-2024.jpg\" data-orig-size=\"1080,1080\" data-comments-opened=\"0\" data-image-meta=\"{&quot;aperture&quot;:&quot;0&quot;,&quot;credit&quot;:&quot;&quot;,&quot;camera&quot;:&quot;&quot;,&quot;caption&quot;:&quot;&quot;,&quot;created_timestamp&quot;:&quot;0&quot;,&quot;copyright&quot;:&quot;&quot;,&quot;focal_length&quot;:&quot;0&quot;,&quot;iso&quot;:&quot;0&quot;,&quot;shutter_speed&quot;:&quot;0&quot;,&quot;title&quot;:&quot;&quot;,&quot;orientation&quot;:&quot;1&quot;}\" data-image-title=\"WORKSHOP SOBERANIA POPULAR 700 ANOS DO DEFENSOR PACIS DE MARSILIO DE P\u00c1DUA (1324-2024)\" data-image-description=\"\" data-image-caption=\"\" data-medium-file=\"https:\/\/wp.ufpel.edu.br\/ifisp\/files\/2024\/11\/WORKSHOP-SOBERANIA-POPULAR-700-ANOS-DO-DEFENSOR-PACIS-DE-MARSILIO-DE-PADUA-1324-2024-400x400.jpg\" data-large-file=\"https:\/\/wp.ufpel.edu.br\/ifisp\/files\/2024\/11\/WORKSHOP-SOBERANIA-POPULAR-700-ANOS-DO-DEFENSOR-PACIS-DE-MARSILIO-DE-PADUA-1324-2024-1024x1024.jpg\" class=\"aligncenter wp-image-3253\" src=\"https:\/\/wp.ufpel.edu.br\/ifisp\/files\/2024\/11\/WORKSHOP-SOBERANIA-POPULAR-700-ANOS-DO-DEFENSOR-PACIS-DE-MARSILIO-DE-PADUA-1324-2024.jpg\" alt=\"\" width=\"651\" height=\"651\" srcset=\"https:\/\/wp.ufpel.edu.br\/ifisp\/files\/2024\/11\/WORKSHOP-SOBERANIA-POPULAR-700-ANOS-DO-DEFENSOR-PACIS-DE-MARSILIO-DE-PADUA-1324-2024.jpg 1080w, https:\/\/wp.ufpel.edu.br\/ifisp\/files\/2024\/11\/WORKSHOP-SOBERANIA-POPULAR-700-ANOS-DO-DEFENSOR-PACIS-DE-MARSILIO-DE-PADUA-1324-2024-400x400.jpg 400w, https:\/\/wp.ufpel.edu.br\/ifisp\/files\/2024\/11\/WORKSHOP-SOBERANIA-POPULAR-700-ANOS-DO-DEFENSOR-PACIS-DE-MARSILIO-DE-PADUA-1324-2024-1024x1024.jpg 1024w, https:\/\/wp.ufpel.edu.br\/ifisp\/files\/2024\/11\/WORKSHOP-SOBERANIA-POPULAR-700-ANOS-DO-DEFENSOR-PACIS-DE-MARSILIO-DE-PADUA-1324-2024-200x200.jpg 200w, https:\/\/wp.ufpel.edu.br\/ifisp\/files\/2024\/11\/WORKSHOP-SOBERANIA-POPULAR-700-ANOS-DO-DEFENSOR-PACIS-DE-MARSILIO-DE-PADUA-1324-2024-768x768.jpg 768w\" sizes=\"(max-width: 651px) 100vw, 651px\" \/><\/p>\n","protected":false},"excerpt":{"rendered":"<p>No dia 11 de dezembro de 2024, ser\u00e1 realizado o Workshop Online &#8220;Soberania Popular: 700 Anos do Defensor Pacis de Mars\u00edlio de P\u00e1dua (1324-2024)&#8221;. O evento come\u00e7ar\u00e1 \u00e0s 9h com a abertura, seguida por uma s\u00e9rie de palestras. Confira a programa\u00e7\u00e3o: 9h: Abertura 9h10: A obra &#8211; S\u00e9rgio Ricardo Strefling 9h30: A lei &#8211; Marcelo [&hellip;]<\/p>\n","protected":false},"author":1247,"featured_media":0,"comment_status":"closed","ping_status":"closed","sticky":false,"template":"","format":"standard","meta":{"advanced_seo_description":"","jetpack_seo_html_title":"","jetpack_seo_noindex":false,"jetpack_post_was_ever_published":false,"_jetpack_newsletter_access":"","_jetpack_dont_email_post_to_subs":false,"_jetpack_newsletter_tier_id":0,"_jetpack_memberships_contains_paywalled_content":false,"_jetpack_memberships_contains_paid_content":false,"footnotes":""},"categories":[42,22],"tags":[],"class_list":["post-3252","post","type-post","status-publish","format-standard","hentry","category-eventos","category-filosofia"],"jetpack_featured_media_url":"","jetpack_sharing_enabled":true,"_links":{"self":[{"href":"https:\/\/wp.ufpel.edu.br\/ifisp\/index.php?rest_route=\/wp\/v2\/posts\/3252","targetHints":{"allow":["GET"]}}],"collection":[{"href":"https:\/\/wp.ufpel.edu.br\/ifisp\/index.php?rest_route=\/wp\/v2\/posts"}],"about":[{"href":"https:\/\/wp.ufpel.edu.br\/ifisp\/index.php?rest_route=\/wp\/v2\/types\/post"}],"author":[{"embeddable":true,"href":"https:\/\/wp.ufpel.edu.br\/ifisp\/index.php?rest_route=\/wp\/v2\/users\/1247"}],"replies":[{"embeddable":true,"href":"https:\/\/wp.ufpel.edu.br\/ifisp\/index.php?rest_route=%2Fwp%2Fv2%2Fcomments&post=3252"}],"version-history":[{"count":2,"href":"https:\/\/wp.ufpel.edu.br\/ifisp\/index.php?rest_route=\/wp\/v2\/posts\/3252\/revisions"}],"predecessor-version":[{"id":3256,"href":"https:\/\/wp.ufpel.edu.br\/ifisp\/index.php?rest_route=\/wp\/v2\/posts\/3252\/revisions\/3256"}],"wp:attachment":[{"href":"https:\/\/wp.ufpel.edu.br\/ifisp\/index.php?rest_route=%2Fwp%2Fv2%2Fmedia&parent=3252"}],"wp:term":[{"taxonomy":"category","embeddable":true,"href":"https:\/\/wp.ufpel.edu.br\/ifisp\/index.php?rest_route=%2Fwp%2Fv2%2Fcategories&post=3252"},{"taxonomy":"post_tag","embeddable":true,"href":"https:\/\/wp.ufpel.edu.br\/ifisp\/index.php?rest_route=%2Fwp%2Fv2%2Ftags&post=3252"}],"curies":[{"name":"wp","href":"https:\/\/api.w.org\/{rel}","templated":true}]}}