{"id":3187,"date":"2024-10-14T15:18:33","date_gmt":"2024-10-14T18:18:33","guid":{"rendered":"https:\/\/wp.ufpel.edu.br\/ifisp\/?p=3187"},"modified":"2024-10-14T15:18:33","modified_gmt":"2024-10-14T18:18:33","slug":"convite-para-palestra-a-filosofia-vai-a-escola-para-que-prof-dr-junot-matos-ufpe","status":"publish","type":"post","link":"https:\/\/wp.ufpel.edu.br\/ifisp\/?p=3187","title":{"rendered":"Convite para Palestra &#8220;A Filosofia vai \u00e0 escola: para qu\u00ea?&#8221; Prof. Dr. Junot Matos (UFPE)"},"content":{"rendered":"<p>Convite para Palestra &#8220;A Filosofia vai \u00e0 escola: para qu\u00ea?&#8221;, do Prof. Dr. Junot Matos (UFPE), que acontecer\u00e1 na pr\u00f3xima quarta, <strong>16\/10\/2024, \u00e0s 16h, na sala 316 do IFISP<\/strong> (R. Alberto Rosa, 154).<\/p>\n<p>Autor de diversos livros e artigos sobre Filosofia da Educa\u00e7\u00e3o e Ensino de Filosofia, o Prof. <a href=\"http:\/\/lattes.cnpq.br\/4627841295680114\">Junot Matos<\/a> (Universidade Federal de Pernambuco) tamb\u00e9m \u00e9 membro do GT Filosofar e Ensinar a Filosofar da ANPOF. Atua especialmente nas \u00e1reas de Forma\u00e7\u00e3o de Professores de Filosofia, Ensino de Filosofia e Inclus\u00e3o Social (quest\u00f5es de ra\u00e7a e g\u00eanero).<\/p>\n<p>&nbsp;<\/p>\n<p><img data-attachment-id=\"3188\" data-permalink=\"https:\/\/wp.ufpel.edu.br\/ifisp\/?attachment_id=3188\" data-orig-file=\"https:\/\/wp.ufpel.edu.br\/ifisp\/files\/2024\/10\/palesta-junot-matos.jpg\" data-orig-size=\"940,788\" data-comments-opened=\"0\" data-image-meta=\"{&quot;aperture&quot;:&quot;0&quot;,&quot;credit&quot;:&quot;&quot;,&quot;camera&quot;:&quot;&quot;,&quot;caption&quot;:&quot;&quot;,&quot;created_timestamp&quot;:&quot;0&quot;,&quot;copyright&quot;:&quot;&quot;,&quot;focal_length&quot;:&quot;0&quot;,&quot;iso&quot;:&quot;0&quot;,&quot;shutter_speed&quot;:&quot;0&quot;,&quot;title&quot;:&quot;&quot;,&quot;orientation&quot;:&quot;0&quot;}\" data-image-title=\"palesta junot matos\" data-image-description=\"\" data-image-caption=\"\" data-medium-file=\"https:\/\/wp.ufpel.edu.br\/ifisp\/files\/2024\/10\/palesta-junot-matos-400x335.jpg\" data-large-file=\"https:\/\/wp.ufpel.edu.br\/ifisp\/files\/2024\/10\/palesta-junot-matos.jpg\" class=\"aligncenter  wp-image-3188\" src=\"https:\/\/wp.ufpel.edu.br\/ifisp\/files\/2024\/10\/palesta-junot-matos.jpg\" alt=\"\" width=\"654\" height=\"548\" srcset=\"https:\/\/wp.ufpel.edu.br\/ifisp\/files\/2024\/10\/palesta-junot-matos.jpg 940w, https:\/\/wp.ufpel.edu.br\/ifisp\/files\/2024\/10\/palesta-junot-matos-400x335.jpg 400w, https:\/\/wp.ufpel.edu.br\/ifisp\/files\/2024\/10\/palesta-junot-matos-768x644.jpg 768w\" sizes=\"(max-width: 654px) 100vw, 654px\" \/><\/p>\n","protected":false},"excerpt":{"rendered":"<p>Convite para Palestra &#8220;A Filosofia vai \u00e0 escola: para qu\u00ea?&#8221;, do Prof. Dr. Junot Matos (UFPE), que acontecer\u00e1 na pr\u00f3xima quarta, 16\/10\/2024, \u00e0s 16h, na sala 316 do IFISP (R. Alberto Rosa, 154). Autor de diversos livros e artigos sobre Filosofia da Educa\u00e7\u00e3o e Ensino de Filosofia, o Prof. Junot Matos (Universidade Federal de Pernambuco) [&hellip;]<\/p>\n","protected":false},"author":1247,"featured_media":0,"comment_status":"closed","ping_status":"closed","sticky":false,"template":"","format":"standard","meta":{"advanced_seo_description":"","jetpack_seo_html_title":"","jetpack_seo_noindex":false,"jetpack_post_was_ever_published":false,"_jetpack_newsletter_access":"","_jetpack_dont_email_post_to_subs":false,"_jetpack_newsletter_tier_id":0,"_jetpack_memberships_contains_paywalled_content":false,"_jetpack_memberships_contains_paid_content":false,"footnotes":""},"categories":[37,42,22],"tags":[],"class_list":["post-3187","post","type-post","status-publish","format-standard","hentry","category-ensino","category-eventos","category-filosofia"],"jetpack_featured_media_url":"","jetpack_sharing_enabled":true,"_links":{"self":[{"href":"https:\/\/wp.ufpel.edu.br\/ifisp\/index.php?rest_route=\/wp\/v2\/posts\/3187","targetHints":{"allow":["GET"]}}],"collection":[{"href":"https:\/\/wp.ufpel.edu.br\/ifisp\/index.php?rest_route=\/wp\/v2\/posts"}],"about":[{"href":"https:\/\/wp.ufpel.edu.br\/ifisp\/index.php?rest_route=\/wp\/v2\/types\/post"}],"author":[{"embeddable":true,"href":"https:\/\/wp.ufpel.edu.br\/ifisp\/index.php?rest_route=\/wp\/v2\/users\/1247"}],"replies":[{"embeddable":true,"href":"https:\/\/wp.ufpel.edu.br\/ifisp\/index.php?rest_route=%2Fwp%2Fv2%2Fcomments&post=3187"}],"version-history":[{"count":1,"href":"https:\/\/wp.ufpel.edu.br\/ifisp\/index.php?rest_route=\/wp\/v2\/posts\/3187\/revisions"}],"predecessor-version":[{"id":3189,"href":"https:\/\/wp.ufpel.edu.br\/ifisp\/index.php?rest_route=\/wp\/v2\/posts\/3187\/revisions\/3189"}],"wp:attachment":[{"href":"https:\/\/wp.ufpel.edu.br\/ifisp\/index.php?rest_route=%2Fwp%2Fv2%2Fmedia&parent=3187"}],"wp:term":[{"taxonomy":"category","embeddable":true,"href":"https:\/\/wp.ufpel.edu.br\/ifisp\/index.php?rest_route=%2Fwp%2Fv2%2Fcategories&post=3187"},{"taxonomy":"post_tag","embeddable":true,"href":"https:\/\/wp.ufpel.edu.br\/ifisp\/index.php?rest_route=%2Fwp%2Fv2%2Ftags&post=3187"}],"curies":[{"name":"wp","href":"https:\/\/api.w.org\/{rel}","templated":true}]}}