{"id":2883,"date":"2024-06-19T15:55:55","date_gmt":"2024-06-19T18:55:55","guid":{"rendered":"https:\/\/wp.ufpel.edu.br\/ifisp\/?p=2883"},"modified":"2024-07-24T18:18:01","modified_gmt":"2024-07-24T21:18:01","slug":"nepfil-lanca-novo-livro-digital-textos-selecionados-sobre-filosofia-da-teologia-ii","status":"publish","type":"post","link":"https:\/\/wp.ufpel.edu.br\/ifisp\/?p=2883","title":{"rendered":"NEPFil lan\u00e7a novo livro digital: Textos Selecionados Sobre Filosofia da Teologia II"},"content":{"rendered":"<p><a href=\"https:\/\/wp.ufpel.edu.br\/nepfil\/files\/2024\/06\/FTII.pdf\"><img data-attachment-id=\"2886\" data-permalink=\"https:\/\/wp.ufpel.edu.br\/ifisp\/?attachment_id=2886\" data-orig-file=\"https:\/\/wp.ufpel.edu.br\/ifisp\/files\/2024\/06\/Textos-Selecionados-Sobre-Filosofia-da-Teologia-II.jpeg\" data-orig-size=\"419,595\" data-comments-opened=\"0\" data-image-meta=\"{&quot;aperture&quot;:&quot;0&quot;,&quot;credit&quot;:&quot;&quot;,&quot;camera&quot;:&quot;&quot;,&quot;caption&quot;:&quot;&quot;,&quot;created_timestamp&quot;:&quot;0&quot;,&quot;copyright&quot;:&quot;&quot;,&quot;focal_length&quot;:&quot;0&quot;,&quot;iso&quot;:&quot;0&quot;,&quot;shutter_speed&quot;:&quot;0&quot;,&quot;title&quot;:&quot;&quot;,&quot;orientation&quot;:&quot;0&quot;}\" data-image-title=\"Textos Selecionados Sobre Filosofia da Teologia II\" data-image-description=\"\" data-image-caption=\"\" data-medium-file=\"https:\/\/wp.ufpel.edu.br\/ifisp\/files\/2024\/06\/Textos-Selecionados-Sobre-Filosofia-da-Teologia-II-282x400.jpeg\" data-large-file=\"https:\/\/wp.ufpel.edu.br\/ifisp\/files\/2024\/06\/Textos-Selecionados-Sobre-Filosofia-da-Teologia-II.jpeg\" class=\"alignleft wp-image-2886\" src=\"https:\/\/wp.ufpel.edu.br\/ifisp\/files\/2024\/06\/Textos-Selecionados-Sobre-Filosofia-da-Teologia-II.jpeg\" alt=\"\" width=\"315\" height=\"447\" srcset=\"https:\/\/wp.ufpel.edu.br\/ifisp\/files\/2024\/06\/Textos-Selecionados-Sobre-Filosofia-da-Teologia-II.jpeg 419w, https:\/\/wp.ufpel.edu.br\/ifisp\/files\/2024\/06\/Textos-Selecionados-Sobre-Filosofia-da-Teologia-II-282x400.jpeg 282w\" sizes=\"(max-width: 315px) 100vw, 315px\" \/><\/a><\/p>\n<p>O N\u00facleo de Ensino e Pesquisa em Filosofia do Departamento de Filosofia da UFPel &#8211; NEPFil, lan\u00e7ou um novo livro digital da S\u00e9rie Investiga\u00e7\u00e3o Filos\u00f3fica. O livro, intutulado\u00a0<em>Textos Selecionados Sobre Filosofia da Teologia II,\u00a0<\/em>foi organizado por\u00a0Alison Vander Mandeli e Marcelo Marconato Magalh\u00e3es, e est\u00e1 dispon\u00edvel na \u00edntegra no site do <a href=\"https:\/\/wp.ufpel.edu.br\/nepfil\/\">NEPFil<\/a> ou diretamente <a href=\"https:\/\/wp.ufpel.edu.br\/nepfil\/files\/2024\/06\/FTII.pdf\">neste link<\/a>.<\/p>\n<p><strong>S\u00e9rie Investiga\u00e7\u00e3o Filos\u00f3fica<\/strong><\/p>\n<p>A S\u00e9rie Investiga\u00e7\u00e3o Filos\u00f3fica, uma iniciativa do N\u00facleo de Ensino e Pesquisa em Filosofia do Departamento de Filosofia da UFPel e do Grupo de Pesquisa Investiga\u00e7\u00e3o Filos\u00f3fica do Departamento de Filosofia da UNIFAP, sob o selo editorial do NEPFil online e da Editora da Universidade Federal de Pelotas, tem por objetivo prec\u00edpuo a publica\u00e7\u00e3o da tradu\u00e7\u00e3o para a l\u00edngua portuguesa de textos selecionados a partir de diversas plataformas internacionalmente reconhecidas, tal como a Stanford Encyclopedia of Philosophy (<a href=\"https:\/\/plato.stanford.edu\/\">https:\/\/plato.stanford.edu\/<\/a>), por exemplo. O objetivo geral da s\u00e9rie \u00e9 disponibilizar materiais bibliogr\u00e1ficos relevantes tanto para a utiliza\u00e7\u00e3o enquanto material did\u00e1tico quanto para a pr\u00f3pria investiga\u00e7\u00e3o filos\u00f3fica.<\/p>\n<p><strong>O NEPFIL online\u00a0<\/strong><\/p>\n<p>\u00c9 um projeto editorial vinculado ao N\u00facleo de Ensino de Pesquisa em Filosofia da UFPel, e que vem produzindo, desde 2014, um novo conceito em publica\u00e7\u00e3o de livros digitais atrav\u00e9s do acesso livre, gratuito e irrestrito, viabilizando a inclus\u00e3o dos materiais publicados em Projetos Pedag\u00f3gicos de Cursos de diversas institui\u00e7\u00f5es e servindo como apoio aos estudantes de ensino superior e da educa\u00e7\u00e3o b\u00e1sica.<\/p>\n","protected":false},"excerpt":{"rendered":"<p>O N\u00facleo de Ensino e Pesquisa em Filosofia do Departamento de Filosofia da UFPel &#8211; NEPFil, lan\u00e7ou um novo livro digital da S\u00e9rie Investiga\u00e7\u00e3o Filos\u00f3fica. O livro, intutulado\u00a0Textos Selecionados Sobre Filosofia da Teologia II,\u00a0foi organizado por\u00a0Alison Vander Mandeli e Marcelo Marconato Magalh\u00e3es, e est\u00e1 dispon\u00edvel na \u00edntegra no site do NEPFil ou diretamente neste link. [&hellip;]<\/p>\n","protected":false},"author":1247,"featured_media":2886,"comment_status":"closed","ping_status":"closed","sticky":false,"template":"","format":"standard","meta":{"advanced_seo_description":"","jetpack_seo_html_title":"","jetpack_seo_noindex":false,"jetpack_post_was_ever_published":false,"_jetpack_newsletter_access":"","_jetpack_dont_email_post_to_subs":false,"_jetpack_newsletter_tier_id":0,"_jetpack_memberships_contains_paywalled_content":false,"_jetpack_memberships_contains_paid_content":false,"footnotes":""},"categories":[37,39,22,56,70,38],"tags":[],"class_list":["post-2883","post","type-post","status-publish","format-standard","has-post-thumbnail","hentry","category-ensino","category-extensao","category-filosofia","category-livro","category-nepfil-online","category-pesquisa"],"jetpack_featured_media_url":"https:\/\/wp.ufpel.edu.br\/ifisp\/files\/2024\/06\/Textos-Selecionados-Sobre-Filosofia-da-Teologia-II.jpeg","jetpack_sharing_enabled":true,"_links":{"self":[{"href":"https:\/\/wp.ufpel.edu.br\/ifisp\/index.php?rest_route=\/wp\/v2\/posts\/2883","targetHints":{"allow":["GET"]}}],"collection":[{"href":"https:\/\/wp.ufpel.edu.br\/ifisp\/index.php?rest_route=\/wp\/v2\/posts"}],"about":[{"href":"https:\/\/wp.ufpel.edu.br\/ifisp\/index.php?rest_route=\/wp\/v2\/types\/post"}],"author":[{"embeddable":true,"href":"https:\/\/wp.ufpel.edu.br\/ifisp\/index.php?rest_route=\/wp\/v2\/users\/1247"}],"replies":[{"embeddable":true,"href":"https:\/\/wp.ufpel.edu.br\/ifisp\/index.php?rest_route=%2Fwp%2Fv2%2Fcomments&post=2883"}],"version-history":[{"count":3,"href":"https:\/\/wp.ufpel.edu.br\/ifisp\/index.php?rest_route=\/wp\/v2\/posts\/2883\/revisions"}],"predecessor-version":[{"id":2887,"href":"https:\/\/wp.ufpel.edu.br\/ifisp\/index.php?rest_route=\/wp\/v2\/posts\/2883\/revisions\/2887"}],"wp:featuredmedia":[{"embeddable":true,"href":"https:\/\/wp.ufpel.edu.br\/ifisp\/index.php?rest_route=\/wp\/v2\/media\/2886"}],"wp:attachment":[{"href":"https:\/\/wp.ufpel.edu.br\/ifisp\/index.php?rest_route=%2Fwp%2Fv2%2Fmedia&parent=2883"}],"wp:term":[{"taxonomy":"category","embeddable":true,"href":"https:\/\/wp.ufpel.edu.br\/ifisp\/index.php?rest_route=%2Fwp%2Fv2%2Fcategories&post=2883"},{"taxonomy":"post_tag","embeddable":true,"href":"https:\/\/wp.ufpel.edu.br\/ifisp\/index.php?rest_route=%2Fwp%2Fv2%2Ftags&post=2883"}],"curies":[{"name":"wp","href":"https:\/\/api.w.org\/{rel}","templated":true}]}}