{"id":2864,"date":"2024-06-10T15:12:31","date_gmt":"2024-06-10T18:12:31","guid":{"rendered":"https:\/\/wp.ufpel.edu.br\/ifisp\/?p=2864"},"modified":"2024-06-10T18:20:54","modified_gmt":"2024-06-10T21:20:54","slug":"roda-de-conversa-crise-climatica-psicologia-e-autocuidado-presencial-e-virtual","status":"publish","type":"post","link":"https:\/\/wp.ufpel.edu.br\/ifisp\/?p=2864","title":{"rendered":"Roda de Conversa: Crise clim\u00e1tica, psicologia e autocuidado &#8211; presencial e virtual"},"content":{"rendered":"<p><img data-attachment-id=\"2865\" data-permalink=\"https:\/\/wp.ufpel.edu.br\/ifisp\/?attachment_id=2865\" data-orig-file=\"https:\/\/wp.ufpel.edu.br\/ifisp\/files\/2024\/06\/Crise-climatica-psicologia-e-autocuidado-e1718054445308.png\" data-orig-size=\"992,937\" data-comments-opened=\"0\" data-image-meta=\"{&quot;aperture&quot;:&quot;0&quot;,&quot;credit&quot;:&quot;&quot;,&quot;camera&quot;:&quot;&quot;,&quot;caption&quot;:&quot;&quot;,&quot;created_timestamp&quot;:&quot;0&quot;,&quot;copyright&quot;:&quot;&quot;,&quot;focal_length&quot;:&quot;0&quot;,&quot;iso&quot;:&quot;0&quot;,&quot;shutter_speed&quot;:&quot;0&quot;,&quot;title&quot;:&quot;&quot;,&quot;orientation&quot;:&quot;0&quot;}\" data-image-title=\"Crise clim\u00e1tica, psicologia e autocuidado\" data-image-description=\"\" data-image-caption=\"\" data-medium-file=\"https:\/\/wp.ufpel.edu.br\/ifisp\/files\/2024\/06\/Crise-climatica-psicologia-e-autocuidado-e1718054445308-400x378.png\" data-large-file=\"https:\/\/wp.ufpel.edu.br\/ifisp\/files\/2024\/06\/Crise-climatica-psicologia-e-autocuidado-576x1024.png\" class=\"alignleft wp-image-2865\" style=\"text-align: justify;\" src=\"https:\/\/wp.ufpel.edu.br\/ifisp\/files\/2024\/06\/Crise-climatica-psicologia-e-autocuidado.png\" alt=\"\" width=\"338\" height=\"600\" \/><\/p>\n<p><span style=\"font-size: 12pt;\">Visando o acolhimento p\u00f3s crise clim\u00e1tica, o IFISP convida a comunidade a participar da <strong>Roda de Conversa: Crise clim\u00e1tica, psicologia e autocuidado<\/strong>, nesta quinta-feira, 13 de junho, \u00e0s 19h, de forma presencial ou virtual. <\/span><\/p>\n<p style=\"text-align: left;\"><span style=\"font-size: 12pt;\">O encontro presencial ser\u00e1 realizado na <strong>sala 206 do IFISP<\/strong>, enquanto a participa\u00e7\u00e3o virtual poder\u00e1 ser feita acessando a sala por meio do QR Code na imagem ao lado, ou no link: <a href=\"https:\/\/webconf.ufpel.edu.br\/b\/ela-def-7qv-zh4\">https:\/\/webconf.ufpel.edu.br\/b\/ela-def-7qv-zh4<\/a>. <\/span><\/p>\n<p style=\"text-align: left;\"><span style=\"font-size: 12pt;\">O facilitador do evento ser\u00e1 <strong><a href=\"https:\/\/institucional.ufpel.edu.br\/servidores\/id\/22610\">Ney Roberto Vattimo Bruck<\/a><\/strong>, docente aposentado da UFPel e Psic\u00f3logo respons\u00e1vel pela reabilita\u00e7\u00e3o social das v\u00edtimas da Boate Kiss.<\/span><\/p>\n<p>&nbsp;<\/p>\n","protected":false},"excerpt":{"rendered":"<p>Visando o acolhimento p\u00f3s crise clim\u00e1tica, o IFISP convida a comunidade a participar da Roda de Conversa: Crise clim\u00e1tica, psicologia e autocuidado, nesta quinta-feira, 13 de junho, \u00e0s 19h, de forma presencial ou virtual. O encontro presencial ser\u00e1 realizado na sala 206 do IFISP, enquanto a participa\u00e7\u00e3o virtual poder\u00e1 ser feita acessando a sala por [&hellip;]<\/p>\n","protected":false},"author":1247,"featured_media":2865,"comment_status":"closed","ping_status":"closed","sticky":false,"template":"","format":"standard","meta":{"advanced_seo_description":"","jetpack_seo_html_title":"","jetpack_seo_noindex":false,"jetpack_post_was_ever_published":false,"_jetpack_newsletter_access":"","_jetpack_dont_email_post_to_subs":false,"_jetpack_newsletter_tier_id":0,"_jetpack_memberships_contains_paywalled_content":false,"_jetpack_memberships_contains_paid_content":false,"footnotes":""},"categories":[63,42,46],"tags":[],"class_list":["post-2864","post","type-post","status-publish","format-standard","has-post-thumbnail","hentry","category-destaques","category-eventos","category-ufpel"],"jetpack_featured_media_url":"https:\/\/wp.ufpel.edu.br\/ifisp\/files\/2024\/06\/Crise-climatica-psicologia-e-autocuidado-e1718054445308.png","jetpack_sharing_enabled":true,"_links":{"self":[{"href":"https:\/\/wp.ufpel.edu.br\/ifisp\/index.php?rest_route=\/wp\/v2\/posts\/2864","targetHints":{"allow":["GET"]}}],"collection":[{"href":"https:\/\/wp.ufpel.edu.br\/ifisp\/index.php?rest_route=\/wp\/v2\/posts"}],"about":[{"href":"https:\/\/wp.ufpel.edu.br\/ifisp\/index.php?rest_route=\/wp\/v2\/types\/post"}],"author":[{"embeddable":true,"href":"https:\/\/wp.ufpel.edu.br\/ifisp\/index.php?rest_route=\/wp\/v2\/users\/1247"}],"replies":[{"embeddable":true,"href":"https:\/\/wp.ufpel.edu.br\/ifisp\/index.php?rest_route=%2Fwp%2Fv2%2Fcomments&post=2864"}],"version-history":[{"count":13,"href":"https:\/\/wp.ufpel.edu.br\/ifisp\/index.php?rest_route=\/wp\/v2\/posts\/2864\/revisions"}],"predecessor-version":[{"id":2878,"href":"https:\/\/wp.ufpel.edu.br\/ifisp\/index.php?rest_route=\/wp\/v2\/posts\/2864\/revisions\/2878"}],"wp:featuredmedia":[{"embeddable":true,"href":"https:\/\/wp.ufpel.edu.br\/ifisp\/index.php?rest_route=\/wp\/v2\/media\/2865"}],"wp:attachment":[{"href":"https:\/\/wp.ufpel.edu.br\/ifisp\/index.php?rest_route=%2Fwp%2Fv2%2Fmedia&parent=2864"}],"wp:term":[{"taxonomy":"category","embeddable":true,"href":"https:\/\/wp.ufpel.edu.br\/ifisp\/index.php?rest_route=%2Fwp%2Fv2%2Fcategories&post=2864"},{"taxonomy":"post_tag","embeddable":true,"href":"https:\/\/wp.ufpel.edu.br\/ifisp\/index.php?rest_route=%2Fwp%2Fv2%2Ftags&post=2864"}],"curies":[{"name":"wp","href":"https:\/\/api.w.org\/{rel}","templated":true}]}}