{"id":2750,"date":"2024-04-17T15:11:04","date_gmt":"2024-04-17T18:11:04","guid":{"rendered":"https:\/\/wp.ufpel.edu.br\/ifisp\/?p=2750"},"modified":"2024-06-20T16:57:55","modified_gmt":"2024-06-20T19:57:55","slug":"defesa-de-memorial-academico-para-a-promocao-a-professor-titular-prof-dr-william-hector-gomez-soto","status":"publish","type":"post","link":"https:\/\/wp.ufpel.edu.br\/ifisp\/?p=2750","title":{"rendered":"Defesa de memorial acad\u00eamico para a promo\u00e7\u00e3o a professor titular: Prof. Dr. William H\u00e9ctor G\u00f3mez Soto"},"content":{"rendered":"<p lang=\"pt-BR\">O IFISP informa sobre a defesa de memorial acad\u00eamico para a promo\u00e7\u00e3o a professor titular: Prof. Dr. William H\u00e9ctor G\u00f3mez Soto.<\/p>\n<p lang=\"pt-BR\"><strong>Data<\/strong>: Sexta-feira, 26 de abril de 2024<\/p>\n<p lang=\"pt-BR\"><strong>Hora<\/strong>: 13h 30m<\/p>\n<p lang=\"pt-BR\"><strong>Link<\/strong>: <a href=\"https:\/\/webconf.ufpel.edu.br\/b\/alv-acs-vio-bx4\">https:\/\/webconf.ufpel.edu.br\/b\/alv-acs-vio-bx4<\/a><\/p>\n<p lang=\"pt-BR\" style=\"text-align: center;\" align=\"center\"><strong>BANCA<\/strong><\/p>\n<p lang=\"pt-BR\"><strong>Titulares <\/strong><\/p>\n<p lang=\"pt-BR\">Professor Doutor Alvaro Augusto de Borba Barreto (Presidente) &#8211; UFPel<\/p>\n<p lang=\"pt-BR\">Professor Doutor Karl Martin Monsma (UFRGS)<\/p>\n<p lang=\"pt-BR\">Professor Doutor Sergio Schneider (UFRGS)<\/p>\n<p lang=\"pt-BR\">Professor Doutor Carlos Roberto da Silva Machado (FURG)<\/p>\n<p lang=\"pt-BR\"><strong>Suplentes<\/strong><\/p>\n<p lang=\"pt-BR\">Professora Doutora Lorena Almeida Gill (UFPel)<\/p>\n<p lang=\"pt-BR\">Professor Doutor Fernando Coutinho Cotanda (UFRGS<\/p>\n<hr \/>\n<p lang=\"pt-BR\"><a href=\"http:\/\/lattes.cnpq.br\/9678696141323658\">William H\u00e9ctor G\u00f3mez Soto<\/a> possui gradua\u00e7\u00e3o em Economia &#8211; Universidade Nacional Aut\u00f4noma de Nicar\u00e1gua (1986), mestrado em Extens\u00e3o Rural pela Universidade Federal de Santa Maria (1991) e doutorado em Sociologia pela Universidade Federal do Rio Grande do Sul (2002). Foi docente da Universidade de Santa Cruz do Sul (UNISC), de 1992 a 2006. Em 2013, realizou estudos de p\u00f3s-doutoramento em sociologia na Universidade Federal de Rio Grande do Sul com a orienta\u00e7\u00e3o do Prof. Dr. Karl Monsma. Seus temas de interesse de pesquisa s\u00e3o: desenvolvimento e meio ambiente, movimentos sociais, metodologia, sociologia do conhecimento, vida cotidiana, fotografia e produ\u00e7\u00e3o do espa\u00e7o urbano. Na perspectiva da sociologia do conhecimento \u00e9 estudioso das obras de Jos\u00e9 de Souza Martins e de Henri Lefebvre. Desde 2006 \u00e9 docente dos cursos de Ci\u00eancias Sociais e do Programa de P\u00f3s-Gradua\u00e7\u00e3o em Sociologia da Universidade Federal de Pelotas (UFPEL). Na Ufpel tem lecionado Sociologia V (sociologia brasileira), Sociologia IV (urbana e rural), Sociologia, sociedade e meio ambiente, Produ\u00e7\u00e3o e interpreta\u00e7\u00e3o de textos cient\u00edficos, Metodologia de pesquisa, Sociologia de Jos\u00e9 de Souza Martins, Meio ambiente e desenvolvimento.<\/p>\n","protected":false},"excerpt":{"rendered":"<p>O IFISP informa sobre a defesa de memorial acad\u00eamico para a promo\u00e7\u00e3o a professor titular: Prof. Dr. William H\u00e9ctor G\u00f3mez Soto. Data: Sexta-feira, 26 de abril de 2024 Hora: 13h 30m Link: https:\/\/webconf.ufpel.edu.br\/b\/alv-acs-vio-bx4 BANCA Titulares Professor Doutor Alvaro Augusto de Borba Barreto (Presidente) &#8211; UFPel Professor Doutor Karl Martin Monsma (UFRGS) Professor Doutor Sergio Schneider [&hellip;]<\/p>\n","protected":false},"author":1247,"featured_media":0,"comment_status":"closed","ping_status":"closed","sticky":false,"template":"","format":"standard","meta":{"advanced_seo_description":"","jetpack_seo_html_title":"","jetpack_seo_noindex":false,"jetpack_post_was_ever_published":false,"_jetpack_newsletter_access":"","_jetpack_dont_email_post_to_subs":false,"_jetpack_newsletter_tier_id":0,"_jetpack_memberships_contains_paywalled_content":false,"_jetpack_memberships_contains_paid_content":false,"footnotes":""},"categories":[35,45,68,31,46],"tags":[],"class_list":["post-2750","post","type-post","status-publish","format-standard","hentry","category-ciencias-sociais","category-noticias","category-promocao-funcional","category-sociologia","category-ufpel"],"jetpack_featured_media_url":"","jetpack_sharing_enabled":true,"_links":{"self":[{"href":"https:\/\/wp.ufpel.edu.br\/ifisp\/index.php?rest_route=\/wp\/v2\/posts\/2750","targetHints":{"allow":["GET"]}}],"collection":[{"href":"https:\/\/wp.ufpel.edu.br\/ifisp\/index.php?rest_route=\/wp\/v2\/posts"}],"about":[{"href":"https:\/\/wp.ufpel.edu.br\/ifisp\/index.php?rest_route=\/wp\/v2\/types\/post"}],"author":[{"embeddable":true,"href":"https:\/\/wp.ufpel.edu.br\/ifisp\/index.php?rest_route=\/wp\/v2\/users\/1247"}],"replies":[{"embeddable":true,"href":"https:\/\/wp.ufpel.edu.br\/ifisp\/index.php?rest_route=%2Fwp%2Fv2%2Fcomments&post=2750"}],"version-history":[{"count":1,"href":"https:\/\/wp.ufpel.edu.br\/ifisp\/index.php?rest_route=\/wp\/v2\/posts\/2750\/revisions"}],"predecessor-version":[{"id":2751,"href":"https:\/\/wp.ufpel.edu.br\/ifisp\/index.php?rest_route=\/wp\/v2\/posts\/2750\/revisions\/2751"}],"wp:attachment":[{"href":"https:\/\/wp.ufpel.edu.br\/ifisp\/index.php?rest_route=%2Fwp%2Fv2%2Fmedia&parent=2750"}],"wp:term":[{"taxonomy":"category","embeddable":true,"href":"https:\/\/wp.ufpel.edu.br\/ifisp\/index.php?rest_route=%2Fwp%2Fv2%2Fcategories&post=2750"},{"taxonomy":"post_tag","embeddable":true,"href":"https:\/\/wp.ufpel.edu.br\/ifisp\/index.php?rest_route=%2Fwp%2Fv2%2Ftags&post=2750"}],"curies":[{"name":"wp","href":"https:\/\/api.w.org\/{rel}","templated":true}]}}